{"id":1084,"date":"2021-01-12T05:48:19","date_gmt":"2021-01-12T09:48:19","guid":{"rendered":"http:\/\/jms.com.bo\/mediamonitor\/?p=1084"},"modified":"2021-01-12T05:48:19","modified_gmt":"2021-01-12T09:48:19","slug":"gobierno-y-subnacionales-descartaron-cuarentena-rigida","status":"publish","type":"post","link":"https:\/\/jms.com.bo\/mediamonitor\/2021\/01\/12\/gobierno-y-subnacionales-descartaron-cuarentena-rigida\/","title":{"rendered":"Gobierno y subnacionales descartaron cuarentena r\u00edgida"},"content":{"rendered":"<p style=\"text-align: justify;\">Las autoridades de Gobierno y los gobiernos subnacionales acordaron reducir al m\u00e1ximo la circulaci\u00f3n de las personas y restringir actividades pero, de ning\u00fan modo se prev\u00e9 la declaratoria de una cuarenta r\u00edgida cuando Bolivia enfrenta la segunda ola de contagio por coronavirus.<\/p>\n<p style=\"text-align: justify;\">\u201cLa semana anterior cuando nos reunimos con los alcaldes de las tres ciudades m\u00e1s afectadas, La Paz, Cochabamba y Santa Cruz, se ha coincidido de forma pr\u00e1cticamente un\u00e1nime de velar por la ciudadan\u00eda y la econom\u00eda en nuestras ciudades (\u2026) nuestro pa\u00eds tendr\u00eda dificultades de poder enfrentar una cuarentena r\u00edgida\u201d, dijo el portavoz del Gobierno, Jorge Richter.<\/p>\n<p style=\"text-align: justify;\">La Alcaldesa de Santa Cruz, Ang\u00e9lica Sosa, tambi\u00e9n descart\u00f3 la posibilidad de ir a un encierro total de las personas tal como sucedi\u00f3 entre marzo y junio del pasado a\u00f1o. Aunque los pedidos de una nueva cuarentena, crece en el pa\u00eds a medida que se presentan los casos diarios de infecciones de Covd-19.<\/p>\n<p style=\"text-align: justify;\">Por las declaraciones de las autoridades del Legislativo y Ejecutivo, est\u00e1 claro que el Gobierno no pretende implementar un encierro total. Richer dijo que todos los esfuerzos que est\u00e1n haciendo como Gobierno es para evitar ese encierro total. Explic\u00f3 que las pruebas que llegaron servir\u00e1n para detectar a las personas que tienen Covid-19 y aislarlos, m\u00e1s a\u00fan a los asintom\u00e1ticos que son los que representan un verdadero peligro.<\/p>\n<p style=\"text-align: justify;\">\u201cTener salud y no tener econom\u00eda es un conflicto, tener econom\u00eda y no tener salud tambi\u00e9n es un problema, entonces vamos avanzando en esa l\u00f3gica y lo hemos compartido con gobernaciones y con los municipios\u201d, justific\u00f3 el vocero del presidente.<\/p>\n<p style=\"text-align: justify;\">La Paz se encuentra en puertas de una nueva festividad que provoca aglomeraciones por dos semanas aproximadamente, se trata de la fiesta de la Alasita a la que asisten incluso los mandatarios. El municipio, que tambi\u00e9n se pronunci\u00f3 por una cuarentena r\u00edgida es el que organiza este evento que concentra a miles de personas que asisten diariamente a esta feria.<\/p>\n","protected":false},"excerpt":{"rendered":"<p>Las autoridades de Gobierno y los gobiernos subnacionales acordaron reducir al m\u00e1ximo la circulaci\u00f3n de las personas y restringir actividades pero, de ning\u00fan modo se prev\u00e9 la declaratoria de una cuarenta r\u00edgida cuando Bolivia enfrenta la segunda ola de contagio por coronavirus. \u201cLa semana anterior cuando nos reunimos con los alcaldes de las tres ciudades [&hellip;]<\/p>\n","protected":false},"author":4,"featured_media":1085,"comment_status":"open","ping_status":"open","sticky":false,"template":"","format":"standard","meta":{"footnotes":""},"categories":[20],"tags":[],"class_list":{"0":"post-1084","1":"post","2":"type-post","3":"status-publish","4":"format-standard","5":"has-post-thumbnail","7":"category-actualidad"},"_links":{"self":[{"href":"https:\/\/jms.com.bo\/mediamonitor\/wp-json\/wp\/v2\/posts\/1084","targetHints":{"allow":["GET"]}}],"collection":[{"href":"https:\/\/jms.com.bo\/mediamonitor\/wp-json\/wp\/v2\/posts"}],"about":[{"href":"https:\/\/jms.com.bo\/mediamonitor\/wp-json\/wp\/v2\/types\/post"}],"author":[{"embeddable":true,"href":"https:\/\/jms.com.bo\/mediamonitor\/wp-json\/wp\/v2\/users\/4"}],"replies":[{"embeddable":true,"href":"https:\/\/jms.com.bo\/mediamonitor\/wp-json\/wp\/v2\/comments?post=1084"}],"version-history":[{"count":1,"href":"https:\/\/jms.com.bo\/mediamonitor\/wp-json\/wp\/v2\/posts\/1084\/revisions"}],"predecessor-version":[{"id":1086,"href":"https:\/\/jms.com.bo\/mediamonitor\/wp-json\/wp\/v2\/posts\/1084\/revisions\/1086"}],"wp:featuredmedia":[{"embeddable":true,"href":"https:\/\/jms.com.bo\/mediamonitor\/wp-json\/wp\/v2\/media\/1085"}],"wp:attachment":[{"href":"https:\/\/jms.com.bo\/mediamonitor\/wp-json\/wp\/v2\/media?parent=1084"}],"wp:term":[{"taxonomy":"category","embeddable":true,"href":"https:\/\/jms.com.bo\/mediamonitor\/wp-json\/wp\/v2\/categories?post=1084"},{"taxonomy":"post_tag","embeddable":true,"href":"https:\/\/jms.com.bo\/mediamonitor\/wp-json\/wp\/v2\/tags?post=1084"}],"curies":[{"name":"wp","href":"https:\/\/api.w.org\/{rel}","templated":true}]}}