{"id":1097,"date":"2021-01-12T05:56:38","date_gmt":"2021-01-12T09:56:38","guid":{"rendered":"http:\/\/jms.com.bo\/mediamonitor\/?p=1097"},"modified":"2021-01-12T05:56:38","modified_gmt":"2021-01-12T09:56:38","slug":"medicos-exigen-suspension-de-comicios-subnacionales","status":"publish","type":"post","link":"https:\/\/jms.com.bo\/mediamonitor\/2021\/01\/12\/medicos-exigen-suspension-de-comicios-subnacionales\/","title":{"rendered":"M\u00e9dicos exigen suspensi\u00f3n de comicios subnacionales"},"content":{"rendered":"<p style=\"text-align: justify;\">M\u00e9dicos piden suspensi\u00f3n de justas electorales del 7 de marzo, ante avance de la pandemia de coronavirus en diferentes regiones del pa\u00eds.<\/p>\n<p style=\"text-align: justify;\">Por el preocupante incremento de contagios por Covid-19 y la muerte de personal sanitario, profesionales m\u00e9dicos de La Paz exigieron que el Gobierno nacional decrete una cuarentena r\u00edgida, adem\u00e1s de pedir al Tribunal Supremo Electoral (TSE) la suspensi\u00f3n inmediata de las elecciones subnacionales. Anunciaron que de no ser escuchados sus pedidos, se declarar\u00e1 la incapacidad de atenci\u00f3n en los servicios de salud.<\/p>\n<p style=\"text-align: justify;\">El pedido de medidas m\u00e1s efectivas y de impacto fue manifestado mediante una conferencia de prensa del denominado Comit\u00e9 Departamental de Salud de las sociedades cient\u00edficas de La Paz, en la oportunidad exigieron que el Gobierno nacional decrete una cuarentena r\u00edgida en todo el pa\u00eds. De la misma forma se solicita que el \u00f3rgano electoral la suspensi\u00f3n inmediata de los comicios subnacionales; adem\u00e1s, de otras peticiones relacionadas a la protecci\u00f3n del personal m\u00e9dico.<\/p>\n<p style=\"text-align: justify;\">\u201cExigir al Gobierno Nacional, gobiernos departamentales y municipales se declare de manera inmediata la cuarentena r\u00edgida en el pa\u00eds, por estar al borde de un colapso del sistema de salud, mismo que no est\u00e1 en condiciones para encarar este desastre de salud departamental\u201d, se\u00f1ala uno de los art\u00edculos de la resoluci\u00f3n de este Comit\u00e9.<\/p>\n<p style=\"text-align: justify;\">Con relaci\u00f3n al pedido al Tribunal Supremo Electoral sobre la suspensi\u00f3n de las elecciones subnacionales del pr\u00f3ximo 7 de marzo, se se\u00f1ala que continuar con este proceso electoral en plena escalada de contagios se constituye en un \u201catentado contra la vida de los bolivianos\u201d.<\/p>\n<p style=\"text-align: justify;\">Tambi\u00e9n se pide una reuni\u00f3n inmediata con el presidente Luis Arce Catacora, para definir de una mejor manera las acciones a tomarse para contener el avance de la pandemia.<\/p>\n<p style=\"text-align: justify;\">Argumentaron que, en la actualidad, los hospitales del sector p\u00fablico como privado se encuentran colapsados y que no se observan soluciones por parte Gobierno<\/p>\n<p style=\"text-align: justify;\">En el art\u00edculo final de este pronunciamiento se se\u00f1ala que en caso de no ser atendidas las demandas expuestas, se declarara el colapso de los servicios de salud y la incapacidad para la atenci\u00f3n, hecho que derivar\u00e1 en la suspensi\u00f3n de la atenci\u00f3n de la poblaci\u00f3n para precautelar la vida de los profesionales en salud.<\/p>\n","protected":false},"excerpt":{"rendered":"<p>M\u00e9dicos piden suspensi\u00f3n de justas electorales del 7 de marzo, ante avance de la pandemia de coronavirus en diferentes regiones del pa\u00eds. Por el preocupante incremento de contagios por Covid-19 y la muerte de personal sanitario, profesionales m\u00e9dicos de La Paz exigieron que el Gobierno nacional decrete una cuarentena r\u00edgida, adem\u00e1s de pedir al Tribunal [&hellip;]<\/p>\n","protected":false},"author":4,"featured_media":1098,"comment_status":"open","ping_status":"open","sticky":false,"template":"","format":"standard","meta":{"footnotes":""},"categories":[18,48,46],"tags":[],"class_list":{"0":"post-1097","1":"post","2":"type-post","3":"status-publish","4":"format-standard","5":"has-post-thumbnail","7":"category-politica","8":"category-portada-general-sitio","9":"category-portada-politica"},"_links":{"self":[{"href":"https:\/\/jms.com.bo\/mediamonitor\/wp-json\/wp\/v2\/posts\/1097","targetHints":{"allow":["GET"]}}],"collection":[{"href":"https:\/\/jms.com.bo\/mediamonitor\/wp-json\/wp\/v2\/posts"}],"about":[{"href":"https:\/\/jms.com.bo\/mediamonitor\/wp-json\/wp\/v2\/types\/post"}],"author":[{"embeddable":true,"href":"https:\/\/jms.com.bo\/mediamonitor\/wp-json\/wp\/v2\/users\/4"}],"replies":[{"embeddable":true,"href":"https:\/\/jms.com.bo\/mediamonitor\/wp-json\/wp\/v2\/comments?post=1097"}],"version-history":[{"count":1,"href":"https:\/\/jms.com.bo\/mediamonitor\/wp-json\/wp\/v2\/posts\/1097\/revisions"}],"predecessor-version":[{"id":1099,"href":"https:\/\/jms.com.bo\/mediamonitor\/wp-json\/wp\/v2\/posts\/1097\/revisions\/1099"}],"wp:featuredmedia":[{"embeddable":true,"href":"https:\/\/jms.com.bo\/mediamonitor\/wp-json\/wp\/v2\/media\/1098"}],"wp:attachment":[{"href":"https:\/\/jms.com.bo\/mediamonitor\/wp-json\/wp\/v2\/media?parent=1097"}],"wp:term":[{"taxonomy":"category","embeddable":true,"href":"https:\/\/jms.com.bo\/mediamonitor\/wp-json\/wp\/v2\/categories?post=1097"},{"taxonomy":"post_tag","embeddable":true,"href":"https:\/\/jms.com.bo\/mediamonitor\/wp-json\/wp\/v2\/tags?post=1097"}],"curies":[{"name":"wp","href":"https:\/\/api.w.org\/{rel}","templated":true}]}}