{"id":1104,"date":"2021-01-12T06:01:05","date_gmt":"2021-01-12T10:01:05","guid":{"rendered":"http:\/\/jms.com.bo\/mediamonitor\/?p=1104"},"modified":"2021-01-12T06:01:05","modified_gmt":"2021-01-12T10:01:05","slug":"balance-falto-gestion-en-el-rubro-electrico","status":"publish","type":"post","link":"https:\/\/jms.com.bo\/mediamonitor\/2021\/01\/12\/balance-falto-gestion-en-el-rubro-electrico\/","title":{"rendered":"Balance: Falt\u00f3 gesti\u00f3n en el rubro el\u00e9ctrico"},"content":{"rendered":"<p style=\"text-align: justify;\">La pandemia tambi\u00e9n influy\u00f3 en la arena pol\u00edtica, porque oblig\u00f3 a retrasar las elecciones generales en dos oportunidades este 2020, por lo cual el gobierno transitorio instalado a fines de 2019 no tuvo un a\u00f1o completo para realizar gestiones, sino tres periodos de 4 meses, tiempos en los cuales fue dif\u00edcil realizar gestiones para mejorar la situaci\u00f3n del sector el\u00e9ctrico, asegur\u00f3 Sergio Arnez, analista del sector el\u00e9ctrico.<br \/>\nPara rematar, el cambio de gobierno a fines de esta gesti\u00f3n implic\u00f3 un tiempo muerto por la transici\u00f3n de mando, por tanto durante este periodo.<br \/>\nA pesar de la pandemia, la operaci\u00f3n del sistema el\u00e9ctrico se mantuvo con normalidad, los trabajos en la mayor\u00eda de los proyectos en construcci\u00f3n continuaron, y se realizaron algunas gestiones para la exportaci\u00f3n de electricidad, lo cual es destacable.<\/p>\n<p style=\"text-align: justify;\">EXPORTACI\u00d3N<br \/>\nLa pandemia oblig\u00f3 a retrasar la ejecuci\u00f3n de los proyectos del sector, pero no impactaron de manera significativa al sector en general, excepto el proyecto de exportaci\u00f3n de electricidad a la Argentina, que se constituye en el m\u00e1s importante, desde el punto de vista econ\u00f3mico, dado el exceso de potencia de generaci\u00f3n disponible en el Sistema Interconectado Nacional (SIN) y la ca\u00edda de ingresos por exportaci\u00f3n de gas natural.<\/p>\n<p style=\"text-align: justify;\">RENOVABLES<br \/>\nEl Estado, a trav\u00e9s de ENDE, invirti\u00f3 en capacidad de generaci\u00f3n renovable y no renovable (y tendr\u00e1 que seguir invirtiendo en los proyectos que est\u00e1n a medias), al punto de que el exceso de generaci\u00f3n traer\u00e1 problemas a las propias empresas de ENDE, por lo que se hace totalmente necesario abrir los mercados de exportaci\u00f3n de electricidad para dar utilidad a la capacidad que ahora est\u00e1 ociosa y generando solo gastos de mantenimiento en vez de utilidades, apunt\u00f3 el analista.<br \/>\nSin embargo, a\u00fan con todos los proyectos de energ\u00eda renovable construidos y en construcci\u00f3n, su participaci\u00f3n en el total de la energ\u00eda generada anual para el SIN no pasar\u00e1 del 60% en los siguientes a\u00f1os, y luego volver\u00e1 a caer r\u00e1pidamente con el crecimiento natural de la demanda si no se ejecutan m\u00e1s proyectos de este tipo.<br \/>\nDado que a\u00fan se requiere y se requerir\u00e1 m\u00e1s energ\u00eda renovable, para obtenerla sin inversi\u00f3n y endeudamiento Estatal. El Gobierno debe empezar a ver las alternativas para apoyarse en el sector privado, como son nuevos proyectos de generaci\u00f3n de los ingenios azucareros y otra agroindustria, as\u00ed como la generaci\u00f3n distribuida, especialmente solar, que puede ser desarrollada por los propios consumidores de electricidad.<br \/>\nCualquier proyecto de generaci\u00f3n renovable requiere mejores precios que los que ofrece el Mercado El\u00e9ctrico Mayorista actualmente, pero ofrecerlo a privados como se brinda a estatales es posible, porque las variaciones tarifarias que ello implica, son peque\u00f1as e imperceptibles para el consumidor final, mientras que los beneficios en ahorro de gas y ambientales son enormes, dijo Arnez.<br \/>\nPara el desarrollo de la generaci\u00f3n distribuida por parte de los consumidores solo hace falta una normativa muy sencilla que permita la compensaci\u00f3n de los excedentes de energ\u00eda inyectados a la red, bajo el esquema de Netmetering.<br \/>\nPor su lado, el ex presidente de ENDE, Jorge Cordero se\u00f1al\u00f3 que los proyectos de aprovechamiento de energ\u00edas renovables deber\u00edan ser revisados en el marco de una estrategia energ\u00e9tica del pa\u00eds en su conjunto. \u201cTodos conocen que el precio del kWh con fuentes renovables hoy en Bolivia es m\u00e1s alto que el generado con termoel\u00e9ctricas e hidroel\u00e9ctricas; actualmente el diferencial lo paga solo una parte del mercado, pero ello es una soluci\u00f3n transitoria\u201d, dijo Cordero.<br \/>\nPor otra parte, la tecnolog\u00eda solar y e\u00f3lica avanza r\u00e1pidamente, lo que se traduce en costos cada vez m\u00e1s competitivos. El caso de las geot\u00e9rmicas es ilustrativo: 6000 US$\/kW frente a 3000 de las hidroel\u00e9ctricas.<br \/>\nFinalmente, se\u00f1al\u00f3 Arnez, que dado el super\u00e1vit de generaci\u00f3n existente, es buen momento para impulsar la electromovilidad, lo cual no solo ayudar\u00eda al sector el\u00e9ctrico en general, sino tambi\u00e9n ahorrar\u00eda al pa\u00eds mucho dinero en la importaci\u00f3n de gasolina y di\u00e9sel.<\/p>\n<p style=\"text-align: justify;\">INSTITUCIONALIDAD<br \/>\nEs importante revisar la organizaci\u00f3n del sector el\u00e9ctrico para que los actores avancen en la misma direcci\u00f3n. El sector necesita crecer con bases t\u00e9cnicas y econ\u00f3micas que se definen en una planificaci\u00f3n de largo plazo que concuerde con las pol\u00edticas estrat\u00e9gicas y econ\u00f3micas del Estado. ENDE Corporaci\u00f3n, en lugar de ser una entidad de Direcci\u00f3n, Planificaci\u00f3n, Coordinaci\u00f3n y Supervisi\u00f3n de sus empresas, realiza estudios y tareas administrativas menores de la Ex ENDE Residual.<\/p>\n","protected":false},"excerpt":{"rendered":"<p>La pandemia tambi\u00e9n influy\u00f3 en la arena pol\u00edtica, porque oblig\u00f3 a retrasar las elecciones generales en dos oportunidades este 2020, por lo cual el gobierno transitorio instalado a fines de 2019 no tuvo un a\u00f1o completo para realizar gestiones, sino tres periodos de 4 meses, tiempos en los cuales fue dif\u00edcil realizar gestiones para mejorar [&hellip;]<\/p>\n","protected":false},"author":4,"featured_media":1105,"comment_status":"open","ping_status":"open","sticky":false,"template":"","format":"standard","meta":{"footnotes":""},"categories":[39],"tags":[],"class_list":{"0":"post-1104","1":"post","2":"type-post","3":"status-publish","4":"format-standard","5":"has-post-thumbnail","7":"category-energia"},"_links":{"self":[{"href":"https:\/\/jms.com.bo\/mediamonitor\/wp-json\/wp\/v2\/posts\/1104","targetHints":{"allow":["GET"]}}],"collection":[{"href":"https:\/\/jms.com.bo\/mediamonitor\/wp-json\/wp\/v2\/posts"}],"about":[{"href":"https:\/\/jms.com.bo\/mediamonitor\/wp-json\/wp\/v2\/types\/post"}],"author":[{"embeddable":true,"href":"https:\/\/jms.com.bo\/mediamonitor\/wp-json\/wp\/v2\/users\/4"}],"replies":[{"embeddable":true,"href":"https:\/\/jms.com.bo\/mediamonitor\/wp-json\/wp\/v2\/comments?post=1104"}],"version-history":[{"count":1,"href":"https:\/\/jms.com.bo\/mediamonitor\/wp-json\/wp\/v2\/posts\/1104\/revisions"}],"predecessor-version":[{"id":1106,"href":"https:\/\/jms.com.bo\/mediamonitor\/wp-json\/wp\/v2\/posts\/1104\/revisions\/1106"}],"wp:featuredmedia":[{"embeddable":true,"href":"https:\/\/jms.com.bo\/mediamonitor\/wp-json\/wp\/v2\/media\/1105"}],"wp:attachment":[{"href":"https:\/\/jms.com.bo\/mediamonitor\/wp-json\/wp\/v2\/media?parent=1104"}],"wp:term":[{"taxonomy":"category","embeddable":true,"href":"https:\/\/jms.com.bo\/mediamonitor\/wp-json\/wp\/v2\/categories?post=1104"},{"taxonomy":"post_tag","embeddable":true,"href":"https:\/\/jms.com.bo\/mediamonitor\/wp-json\/wp\/v2\/tags?post=1104"}],"curies":[{"name":"wp","href":"https:\/\/api.w.org\/{rel}","templated":true}]}}