{"id":1123,"date":"2021-01-12T06:41:37","date_gmt":"2021-01-12T10:41:37","guid":{"rendered":"http:\/\/jms.com.bo\/mediamonitor\/?p=1123"},"modified":"2021-01-12T06:41:37","modified_gmt":"2021-01-12T10:41:37","slug":"fuentes-del-mas-niegan-internacion-de-evo-morales","status":"publish","type":"post","link":"https:\/\/jms.com.bo\/mediamonitor\/2021\/01\/12\/fuentes-del-mas-niegan-internacion-de-evo-morales\/","title":{"rendered":"Fuentes del MAS niegan internaci\u00f3n de Evo Morales"},"content":{"rendered":"<div class=\"toolbar\">\n<div class=\"theiaStickySidebar\">\n<div class=\"addthis_inline_share_toolbox\" data-url=\"https:\/\/eldeber.com.bo\/pais\/fuentes-del-mas-niegan-internacion-de-evo-morales_215417\" data-title=\"Fuentes del MAS niegan internaci\u00f3n de Evo Morales\" data-description=\"Corri\u00f3 el rumor de que por protocolo le habr\u00edan realizado la prueba de Covid-19 cuando acudi\u00f3 a una revisi\u00f3n artrosc\u00f3pica y esta dio positivo\">\n<div id=\"atstbx\" class=\"at-resp-share-element at-style-responsive addthis-smartlayers addthis-animated at4-show\" role=\"region\" aria-labelledby=\"at-036a7553-2b64-42ce-8c05-f5e4cef6ad9e\">\n<div class=\"at-share-btn-elements\"><\/div>\n<\/div>\n<\/div>\n<\/div>\n<\/div>\n<p style=\"text-align: justify;\">Esta noche corri\u00f3 el rumor de que Evo Morales estuvo internado en la cl\u00ednica Los Olivos de Cochabamba que es de propiedad de Mauricio Garc\u00eda Linera, hermano del exvicepresidente \u00c1lvaro Garc\u00eda Linera.\u00a0Un m\u00e9dico del lugar pidi\u00f3 consultar con la familia de Morales para confirmar el diagn\u00f3stico positivo a coronavirus\u00a0y afirm\u00f3 que no pod\u00eda dar mayor informaci\u00f3n.<\/p>\n<p style=\"text-align: justify;\">Se dijo que el expresidente Morales\u00a0habr\u00eda dado positivo a una prueba de coronavirus cuando acudi\u00f3 a la cl\u00ednica Los Olivos en Cochabamba para una revisi\u00f3n artrosc\u00f3pica\u00a0(estudio de las articulaciones) y\u00a0por protocolo le realizaron la prueba para detectar el Covid-19 y esta sali\u00f3 positivo.<\/p>\n<p style=\"text-align: justify;\">Fuentes del MAS se\u00f1alan que Morales no est\u00e1 internado, que tuvo tos durante el fin de semana, raz\u00f3n por la cual se hizo la consulta m\u00e9dica.<br \/>\nMario Cronenbold dijo en el programa No Mentir\u00e1s que habl\u00f3 con \u00e9l y que no est\u00e1 internado.<\/p>\n","protected":false},"excerpt":{"rendered":"<p>Esta noche corri\u00f3 el rumor de que Evo Morales estuvo internado en la cl\u00ednica Los Olivos de Cochabamba que es de propiedad de Mauricio Garc\u00eda Linera, hermano del exvicepresidente \u00c1lvaro Garc\u00eda Linera.\u00a0Un m\u00e9dico del lugar pidi\u00f3 consultar con la familia de Morales para confirmar el diagn\u00f3stico positivo a coronavirus\u00a0y afirm\u00f3 que no pod\u00eda dar mayor [&hellip;]<\/p>\n","protected":false},"author":4,"featured_media":1124,"comment_status":"open","ping_status":"open","sticky":false,"template":"","format":"standard","meta":{"footnotes":""},"categories":[18,48,46],"tags":[],"class_list":{"0":"post-1123","1":"post","2":"type-post","3":"status-publish","4":"format-standard","5":"has-post-thumbnail","7":"category-politica","8":"category-portada-general-sitio","9":"category-portada-politica"},"_links":{"self":[{"href":"https:\/\/jms.com.bo\/mediamonitor\/wp-json\/wp\/v2\/posts\/1123","targetHints":{"allow":["GET"]}}],"collection":[{"href":"https:\/\/jms.com.bo\/mediamonitor\/wp-json\/wp\/v2\/posts"}],"about":[{"href":"https:\/\/jms.com.bo\/mediamonitor\/wp-json\/wp\/v2\/types\/post"}],"author":[{"embeddable":true,"href":"https:\/\/jms.com.bo\/mediamonitor\/wp-json\/wp\/v2\/users\/4"}],"replies":[{"embeddable":true,"href":"https:\/\/jms.com.bo\/mediamonitor\/wp-json\/wp\/v2\/comments?post=1123"}],"version-history":[{"count":1,"href":"https:\/\/jms.com.bo\/mediamonitor\/wp-json\/wp\/v2\/posts\/1123\/revisions"}],"predecessor-version":[{"id":1125,"href":"https:\/\/jms.com.bo\/mediamonitor\/wp-json\/wp\/v2\/posts\/1123\/revisions\/1125"}],"wp:featuredmedia":[{"embeddable":true,"href":"https:\/\/jms.com.bo\/mediamonitor\/wp-json\/wp\/v2\/media\/1124"}],"wp:attachment":[{"href":"https:\/\/jms.com.bo\/mediamonitor\/wp-json\/wp\/v2\/media?parent=1123"}],"wp:term":[{"taxonomy":"category","embeddable":true,"href":"https:\/\/jms.com.bo\/mediamonitor\/wp-json\/wp\/v2\/categories?post=1123"},{"taxonomy":"post_tag","embeddable":true,"href":"https:\/\/jms.com.bo\/mediamonitor\/wp-json\/wp\/v2\/tags?post=1123"}],"curies":[{"name":"wp","href":"https:\/\/api.w.org\/{rel}","templated":true}]}}