{"id":1131,"date":"2021-01-12T06:47:36","date_gmt":"2021-01-12T10:47:36","guid":{"rendered":"http:\/\/jms.com.bo\/mediamonitor\/?p=1131"},"modified":"2021-01-12T07:06:13","modified_gmt":"2021-01-12T11:06:13","slug":"se-intensifican-las-protestas-por-la-devolucion-de-aportes-de-afp","status":"publish","type":"post","link":"https:\/\/jms.com.bo\/mediamonitor\/2021\/01\/12\/se-intensifican-las-protestas-por-la-devolucion-de-aportes-de-afp\/","title":{"rendered":"Se intensifican las protestas por la devoluci\u00f3n de aportes de AFP"},"content":{"rendered":"<p style=\"text-align: justify;\">Las protestas por la devoluci\u00f3n de los aportes a las Administradoras de Fondos de Pensiones (AFPs) se intensifican y los sectores movilizados advierten con nuevas medidas desde hoy.<\/p>\n<p style=\"text-align: justify;\">Ayer en \u00a0Yacuiba (Tarija) y en Riberalta (Beni), dos grupos de aportantes iniciaron \u00a0un bloqueo indefinido del acceso a esas poblaciones. Desde hoy se prev\u00e9 que otros sectores se sumen en La Paz, Santa Cruz y Cochabamba. \u201cEstamos esperando que se sumen otros departamentos. De momento hay bloqueos en Yacuiba y Riberalta. Cuesta mucho movilizar a las personas, justo en eso est\u00e1n los compa\u00f1eros de la ciudad de La Paz, reuniendo gente que pretenden bloquear la autopista, y en las otras regiones, en Cochabamba, se aglutinan para iniciar los paros\u201d, inform\u00f3 \u00a0el presidente del Movimiento de Emergencia Nacional por la devoluci\u00f3n de los aportes de las AFP, Yerko Orozco.<\/p>\n<p style=\"text-align: justify;\">Lament\u00f3 que el Gobierno convoque a los transportistas para discutir sus demandas y no a quienes piden la devoluci\u00f3n de sus aportes a las AFP.<\/p>\n<p style=\"text-align: justify;\">\u201cEn mi caso, que soy de Santa Cruz, vamos a bloquear \u00a0la carretera a Cotoca. Estamos visitando los movimientos de los otros departamentos; \u00a0por tanto, esperamos las decisiones de cada uno. Pero, en las pr\u00f3ximas horas se van a sumar Bermejo, Entre R\u00edos, Yapacan\u00ed; nos vamos a juntar con Pail\u00f3n para bloquear la tranca\u201d, advirti\u00f3 Orozco.<\/p>\n<p style=\"text-align: justify;\">Detall\u00f3 que en Yacuiba hay 35 personas, quienes con \u00e1rboles y promontorios de tierra cerraron la ruta internacional Bolivia-Argentina, lo que dificulta el paso de los transportistas.<\/p>\n<p style=\"text-align: justify;\">\u00a0La demanda de este movimiento es la devoluci\u00f3n de \u00a0hasta un 50% de aportes a las AFP. Es el planteamiento que se hizo llegar \u00a0 al Gobierno en una minuta de comunicaci\u00f3n remitida al Ministerio de la Presidencia a finales de diciembre pasado, pero hasta la fecha el movimiento no \u00a0ha tenido respuesta.<\/p>\n<p style=\"text-align: justify;\">Seg\u00fan el reporte de Elay Diario Digital Riberalte\u00f1o, otro grupo de personas se apostaron \u00a0en la carretera que conecta \u00a0 Riberalta con Guayar\u00e1, altura \u00a0Bol\u00edvar.<\/p>\n<p style=\"text-align: justify;\">\u00a0\u201cHemos \u00a0tomado la carretera Guayar\u00e1-Riberalta, seguimos con la lucha, para sensibilizar al Gobierno y nos devuelva nuestros aportes, ya que nos encontramos en un rebrote por la Covid-19, hay gente que est\u00e1 enferma y \u00a0no tiene trabajo. Necesitamos esos aportes\u201d, manifest\u00f3 uno de los movilizados.<\/p>\n<p style=\"text-align: justify;\">\u201cQueremos recuperar ese dinero, pedimos a las autoridades que nos den un visto bueno, no tenemos fuente de trabajo. En Riberalta se vive del d\u00eda\u201d, dijo Ronald Arce, representante del Movimiento de Emergencia \u00a0 a \u00a0Elay Diario Digital Riberalte\u00f1o.<\/p>\n<p style=\"text-align: justify;\">En septiembre el entonces candidato a la presidencia Luis Arce present\u00f3 un proyecto de ley para la devoluci\u00f3n, siempre y cuando se tenga un m\u00e1ximo de 100 mil bolivianos en cuentas.<\/p>\n","protected":false},"excerpt":{"rendered":"<p>Las protestas por la devoluci\u00f3n de los aportes a las Administradoras de Fondos de Pensiones (AFPs) se intensifican y los sectores movilizados advierten con nuevas medidas desde hoy. Ayer en \u00a0Yacuiba (Tarija) y en Riberalta (Beni), dos grupos de aportantes iniciaron \u00a0un bloqueo indefinido del acceso a esas poblaciones. Desde hoy se prev\u00e9 que otros [&hellip;]<\/p>\n","protected":false},"author":4,"featured_media":1132,"comment_status":"open","ping_status":"open","sticky":false,"template":"","format":"standard","meta":{"footnotes":""},"categories":[25],"tags":[],"class_list":{"0":"post-1131","1":"post","2":"type-post","3":"status-publish","4":"format-standard","5":"has-post-thumbnail","7":"category-economia"},"_links":{"self":[{"href":"https:\/\/jms.com.bo\/mediamonitor\/wp-json\/wp\/v2\/posts\/1131","targetHints":{"allow":["GET"]}}],"collection":[{"href":"https:\/\/jms.com.bo\/mediamonitor\/wp-json\/wp\/v2\/posts"}],"about":[{"href":"https:\/\/jms.com.bo\/mediamonitor\/wp-json\/wp\/v2\/types\/post"}],"author":[{"embeddable":true,"href":"https:\/\/jms.com.bo\/mediamonitor\/wp-json\/wp\/v2\/users\/4"}],"replies":[{"embeddable":true,"href":"https:\/\/jms.com.bo\/mediamonitor\/wp-json\/wp\/v2\/comments?post=1131"}],"version-history":[{"count":1,"href":"https:\/\/jms.com.bo\/mediamonitor\/wp-json\/wp\/v2\/posts\/1131\/revisions"}],"predecessor-version":[{"id":1133,"href":"https:\/\/jms.com.bo\/mediamonitor\/wp-json\/wp\/v2\/posts\/1131\/revisions\/1133"}],"wp:featuredmedia":[{"embeddable":true,"href":"https:\/\/jms.com.bo\/mediamonitor\/wp-json\/wp\/v2\/media\/1132"}],"wp:attachment":[{"href":"https:\/\/jms.com.bo\/mediamonitor\/wp-json\/wp\/v2\/media?parent=1131"}],"wp:term":[{"taxonomy":"category","embeddable":true,"href":"https:\/\/jms.com.bo\/mediamonitor\/wp-json\/wp\/v2\/categories?post=1131"},{"taxonomy":"post_tag","embeddable":true,"href":"https:\/\/jms.com.bo\/mediamonitor\/wp-json\/wp\/v2\/tags?post=1131"}],"curies":[{"name":"wp","href":"https:\/\/api.w.org\/{rel}","templated":true}]}}