{"id":1143,"date":"2021-01-13T05:04:20","date_gmt":"2021-01-13T09:04:20","guid":{"rendered":"http:\/\/jms.com.bo\/mediamonitor\/?p=1143"},"modified":"2021-01-13T05:04:20","modified_gmt":"2021-01-13T09:04:20","slug":"muere-osvaldo-chato-peredo","status":"publish","type":"post","link":"https:\/\/jms.com.bo\/mediamonitor\/2021\/01\/13\/muere-osvaldo-chato-peredo\/","title":{"rendered":"Muere Osvaldo \u00abChato\u00bb Peredo"},"content":{"rendered":"<p>La tarde del martes, falleci\u00f3 el pol\u00edtico Osvaldo Chato Peredo, en el departamento de Santa Cruz. La informaci\u00f3n fue confirmada por sus hijas al diario El Deber.<\/p>\n<p>Seg\u00fan datos proporcionados por la familia, Peredo sufri\u00f3 varios paros respiratorio en las \u00faltimas horas debido a una una embolia padecida el 2017.<\/p>\n<p>La hija de Peredo dijo a El Deber que el pol\u00edtico ser\u00e1 velado en Santa Cruz de la Sierra y posteriormente ser\u00e1 cremado.<\/p>\n<p>\u00abChato\u00bb Peredo particip\u00f3 de manera activa en la historia de Bolivia desde el 1979, tras la ca\u00edda del Che Guevara adem\u00e1s organiz\u00f3 la segunda incursi\u00f3n guerrillera en Teoponte. Escribi\u00f3 libro \u00abVolvimos a las monta\u00f1as\u00bb, para narrar esas experiencias.<\/p>\n<p>El 2008, Peredo asumi\u00f3 como concejal por el Movimiento Al Socialismo (MAS) en Santa Cruz. Sin embargo mostr\u00f3 su disconformidad con el partido el 2015 cuando cr\u00edtico al exvicepresidente \u00c1lvaro Garc\u00eda Linera y lo acus\u00f3 de no ser socialista. Se alej\u00f3 del partido porque hubo una derechizaci\u00f3n del proceso aunque se mantuvo leal a los ideales de la izquierda.<\/p>\n<p>La \u00faltima aparici\u00f3n p\u00fablica la realiz\u00f3 el 5 de marzo del 2020, cuando el entonces senador Efrain Chambi llam\u00f3 a pol\u00edticos disidentes del masismo para retornar a las filas del MAS con un grupo de militantes en Santa Cruz.<\/p>\n<p><a href=\"https:\/\/www.paginasiete.bo\/nacional\/2021\/1\/12\/muere-osvaldo-chato-peredo-280930.html\">https:\/\/www.paginasiete.bo\/nacional\/2021\/1\/12\/muere-osvaldo-chato-peredo-280930.html<\/a><\/p>\n<p>&nbsp;<\/p>\n","protected":false},"excerpt":{"rendered":"<p>La tarde del martes, falleci\u00f3 el pol\u00edtico Osvaldo Chato Peredo, en el departamento de Santa Cruz. La informaci\u00f3n fue confirmada por sus hijas al diario El Deber. Seg\u00fan datos proporcionados por la familia, Peredo sufri\u00f3 varios paros respiratorio en las \u00faltimas horas debido a una una embolia padecida el 2017. La hija de Peredo dijo [&hellip;]<\/p>\n","protected":false},"author":1,"featured_media":1144,"comment_status":"open","ping_status":"open","sticky":false,"template":"","format":"standard","meta":{"footnotes":""},"categories":[18],"tags":[],"class_list":{"0":"post-1143","1":"post","2":"type-post","3":"status-publish","4":"format-standard","5":"has-post-thumbnail","7":"category-politica"},"_links":{"self":[{"href":"https:\/\/jms.com.bo\/mediamonitor\/wp-json\/wp\/v2\/posts\/1143","targetHints":{"allow":["GET"]}}],"collection":[{"href":"https:\/\/jms.com.bo\/mediamonitor\/wp-json\/wp\/v2\/posts"}],"about":[{"href":"https:\/\/jms.com.bo\/mediamonitor\/wp-json\/wp\/v2\/types\/post"}],"author":[{"embeddable":true,"href":"https:\/\/jms.com.bo\/mediamonitor\/wp-json\/wp\/v2\/users\/1"}],"replies":[{"embeddable":true,"href":"https:\/\/jms.com.bo\/mediamonitor\/wp-json\/wp\/v2\/comments?post=1143"}],"version-history":[{"count":1,"href":"https:\/\/jms.com.bo\/mediamonitor\/wp-json\/wp\/v2\/posts\/1143\/revisions"}],"predecessor-version":[{"id":1145,"href":"https:\/\/jms.com.bo\/mediamonitor\/wp-json\/wp\/v2\/posts\/1143\/revisions\/1145"}],"wp:featuredmedia":[{"embeddable":true,"href":"https:\/\/jms.com.bo\/mediamonitor\/wp-json\/wp\/v2\/media\/1144"}],"wp:attachment":[{"href":"https:\/\/jms.com.bo\/mediamonitor\/wp-json\/wp\/v2\/media?parent=1143"}],"wp:term":[{"taxonomy":"category","embeddable":true,"href":"https:\/\/jms.com.bo\/mediamonitor\/wp-json\/wp\/v2\/categories?post=1143"},{"taxonomy":"post_tag","embeddable":true,"href":"https:\/\/jms.com.bo\/mediamonitor\/wp-json\/wp\/v2\/tags?post=1143"}],"curies":[{"name":"wp","href":"https:\/\/api.w.org\/{rel}","templated":true}]}}