{"id":1149,"date":"2021-01-13T05:33:27","date_gmt":"2021-01-13T09:33:27","guid":{"rendered":"http:\/\/jms.com.bo\/mediamonitor\/?p=1149"},"modified":"2021-01-13T05:33:27","modified_gmt":"2021-01-13T09:33:27","slug":"confirman-que-morales-dio-positivo-a-covid-19-y-que-esta-estable","status":"publish","type":"post","link":"https:\/\/jms.com.bo\/mediamonitor\/2021\/01\/13\/confirman-que-morales-dio-positivo-a-covid-19-y-que-esta-estable\/","title":{"rendered":"Confirman que Morales dio positivo a Covid-19 y que \u00abest\u00e1 estable\u00bb"},"content":{"rendered":"<p style=\"text-align: justify;\">El exmandatario Evo Morales dio positivo al coronavirus y se encuentra estable, seg\u00fan un reporte de la radio Kawsachun Coca de propiedad de la federaci\u00f3n de productores de coca del tr\u00f3pico de Cochabamba liderado por Morales.<\/p>\n<p style=\"text-align: justify;\">La emisora oficial de los cocaleros sac\u00f3 un comunicado este martes por la noche en el que ratifica que el expresidente dio positivo. \u201cDe acuerdo a los an\u00e1lisis de laboratorio practicado al expresidente Evo Morales Ayma se le detect\u00f3 Covid-19. Actualmente se encuentra estable y est\u00e1 recibiendo el tratamiento y la atenci\u00f3n m\u00e9dica que el caso aconseja. Se agradece al pueblo boliviano por las expresiones de preocupaci\u00f3n y solidaridad\u201d, se\u00f1aka textualmente el comunicado de dicha radio.<\/p>\n<p style=\"text-align: justify;\">Por su lado, Los Tiempos tuite\u00f3. \u201cConfirman que Evo Morales dio positivo al test de coronavirus Covid-19. El exmandatario se encuentra estable y recibiendo tratamiento m\u00e9dico\u201d.<\/p>\n<p style=\"text-align: justify;\">M\u00e1s temprano, el expresidente culp\u00f3 a la derecha de hacer creer que \u00e9l tiene coronavirus, como se inform\u00f3 la noche del lunes. El orinoque\u00f1o dijo a un periodista argentino. \u201cNo (tengo coronavirus), es un error. No s\u00e9 de d\u00f3nde inventan, a veces me matan; de todo hablan la \u2018chispendida\u2019 de la derecha (sic). S\u00f3lo tuve un problema de tos, nada m\u00e1s\u201d, dijo Morales en entrevista con el periodista argentino Juan Cruz Casti\u00f1eiras, quien difundi\u00f3 el audio de la entrevista con Morales a trav\u00e9s de su canal de YouTube.<\/p>\n","protected":false},"excerpt":{"rendered":"<p>El exmandatario Evo Morales dio positivo al coronavirus y se encuentra estable, seg\u00fan un reporte de la radio Kawsachun Coca de propiedad de la federaci\u00f3n de productores de coca del tr\u00f3pico de Cochabamba liderado por Morales. La emisora oficial de los cocaleros sac\u00f3 un comunicado este martes por la noche en el que ratifica que [&hellip;]<\/p>\n","protected":false},"author":1,"featured_media":1150,"comment_status":"open","ping_status":"open","sticky":false,"template":"","format":"standard","meta":{"footnotes":""},"categories":[18,48,46],"tags":[],"class_list":{"0":"post-1149","1":"post","2":"type-post","3":"status-publish","4":"format-standard","5":"has-post-thumbnail","7":"category-politica","8":"category-portada-general-sitio","9":"category-portada-politica"},"_links":{"self":[{"href":"https:\/\/jms.com.bo\/mediamonitor\/wp-json\/wp\/v2\/posts\/1149","targetHints":{"allow":["GET"]}}],"collection":[{"href":"https:\/\/jms.com.bo\/mediamonitor\/wp-json\/wp\/v2\/posts"}],"about":[{"href":"https:\/\/jms.com.bo\/mediamonitor\/wp-json\/wp\/v2\/types\/post"}],"author":[{"embeddable":true,"href":"https:\/\/jms.com.bo\/mediamonitor\/wp-json\/wp\/v2\/users\/1"}],"replies":[{"embeddable":true,"href":"https:\/\/jms.com.bo\/mediamonitor\/wp-json\/wp\/v2\/comments?post=1149"}],"version-history":[{"count":1,"href":"https:\/\/jms.com.bo\/mediamonitor\/wp-json\/wp\/v2\/posts\/1149\/revisions"}],"predecessor-version":[{"id":1151,"href":"https:\/\/jms.com.bo\/mediamonitor\/wp-json\/wp\/v2\/posts\/1149\/revisions\/1151"}],"wp:featuredmedia":[{"embeddable":true,"href":"https:\/\/jms.com.bo\/mediamonitor\/wp-json\/wp\/v2\/media\/1150"}],"wp:attachment":[{"href":"https:\/\/jms.com.bo\/mediamonitor\/wp-json\/wp\/v2\/media?parent=1149"}],"wp:term":[{"taxonomy":"category","embeddable":true,"href":"https:\/\/jms.com.bo\/mediamonitor\/wp-json\/wp\/v2\/categories?post=1149"},{"taxonomy":"post_tag","embeddable":true,"href":"https:\/\/jms.com.bo\/mediamonitor\/wp-json\/wp\/v2\/tags?post=1149"}],"curies":[{"name":"wp","href":"https:\/\/api.w.org\/{rel}","templated":true}]}}