{"id":1155,"date":"2021-01-13T05:45:26","date_gmt":"2021-01-13T09:45:26","guid":{"rendered":"http:\/\/jms.com.bo\/mediamonitor\/?p=1155"},"modified":"2021-01-13T05:45:26","modified_gmt":"2021-01-13T09:45:26","slug":"la-asfi-instruira-vigencia-de-una-prorroga-para-que-bancos-no-cobren-interes-ni-capital","status":"publish","type":"post","link":"https:\/\/jms.com.bo\/mediamonitor\/2021\/01\/13\/la-asfi-instruira-vigencia-de-una-prorroga-para-que-bancos-no-cobren-interes-ni-capital\/","title":{"rendered":"La ASFI instruir\u00e1 vigencia de una \u2018pr\u00f3rroga\u2019 para que bancos no cobren inter\u00e9s ni capital"},"content":{"rendered":"<p style=\"text-align: justify;\">El director ejecutivo de la Autoridad de Supervisi\u00f3n del Sistema Financiero (Asfi), Reynaldo Yujra, anunci\u00f3 que su entidad emitir\u00e1 una resoluci\u00f3n en la que pondr\u00e1 en vigencia la figura de la \u201cpr\u00f3rroga\u201d, periodo en el cual los prestatarios no pagar\u00e1n ni capital ni intereses a los bancos mientras negocien una reprogramaci\u00f3n o refinanciamiento.<\/p>\n<p style=\"text-align: justify;\">Los choferes del pa\u00eds protagonizan este martes un paro nacional, con paro de v\u00edas en las ciudades y en carreteras interdepartamentales, exigiendo otro diferimiento en el pago de pr\u00e9stamos a entidades financieras, por seis meses. El Gobierno advirti\u00f3 que la aplicaci\u00f3n de esta medida pondr\u00eda en riesgo al sistema financiero.<\/p>\n<p style=\"text-align: justify;\">Ante ello, la Asfi orden\u00f3 a los bancos aplicar un periodo de gracia para que los prestatarios puedan acogerse al refinanciamiento o reprogramaci\u00f3n de sus pr\u00e9stamos. \u201cDeben contemplar un periodo de gracia para la amortizaci\u00f3n a capital de al menos cuatro meses sin perjuicio que se pueda acordar un plazo mayor en funci\u00f3n a la evaluaci\u00f3n individual de cada caso y adicionalmente sin requerir garant\u00edas adicionales a las constituidas por el prestatario en la operaci\u00f3n original\u201d.<\/p>\n<p style=\"text-align: justify;\">El secretario general de la Asociaci\u00f3n de Bancos Privados de Bolivia (Asoban), Nelson Villalobos, remarc\u00f3 que \u201clo que hacen los diferimientos es ahondar en esa crisis, en esa ruptura de la cadena de pagos, rompe con ese c\u00edrculo virtuoso que tiene la intermediaci\u00f3n financiera de captar recursos del p\u00fablico para colocarlos en cr\u00e9ditos y beneficiar a la actividad econ\u00f3mica\u201d.<\/p>\n<p style=\"text-align: justify;\">En contacto con Bolivia Tv, Yujra indic\u00f3 que la \u201cpr\u00f3rroga\u201d es el periodo en el que el prestatario y la entidad financiera acuerdan el refinanciamiento o la reprogramaci\u00f3n del cr\u00e9dito, que puede ser uno o dos meses, y en el cual no se pagar\u00e1 ni capital ni inter\u00e9s, tras lo cual reci\u00e9n comenzar\u00e1 a aplicarse el periodo de gracia.<\/p>\n<p style=\"text-align: justify;\">\u201cHoy (martes) sale una nueva norma, que va a precisar elementos con relaci\u00f3n al periodo de gracia. La disposici\u00f3n va a precisar elementos para que se comprenda el sentido del mecanismo, y all\u00ed estar\u00e1 explicado el periodo de pr\u00f3rroga\u201d, sostuvo.<\/p>\n","protected":false},"excerpt":{"rendered":"<p>El director ejecutivo de la Autoridad de Supervisi\u00f3n del Sistema Financiero (Asfi), Reynaldo Yujra, anunci\u00f3 que su entidad emitir\u00e1 una resoluci\u00f3n en la que pondr\u00e1 en vigencia la figura de la \u201cpr\u00f3rroga\u201d, periodo en el cual los prestatarios no pagar\u00e1n ni capital ni intereses a los bancos mientras negocien una reprogramaci\u00f3n o refinanciamiento. Los choferes [&hellip;]<\/p>\n","protected":false},"author":1,"featured_media":1156,"comment_status":"open","ping_status":"open","sticky":false,"template":"","format":"standard","meta":{"footnotes":""},"categories":[25],"tags":[],"class_list":{"0":"post-1155","1":"post","2":"type-post","3":"status-publish","4":"format-standard","5":"has-post-thumbnail","7":"category-economia"},"_links":{"self":[{"href":"https:\/\/jms.com.bo\/mediamonitor\/wp-json\/wp\/v2\/posts\/1155","targetHints":{"allow":["GET"]}}],"collection":[{"href":"https:\/\/jms.com.bo\/mediamonitor\/wp-json\/wp\/v2\/posts"}],"about":[{"href":"https:\/\/jms.com.bo\/mediamonitor\/wp-json\/wp\/v2\/types\/post"}],"author":[{"embeddable":true,"href":"https:\/\/jms.com.bo\/mediamonitor\/wp-json\/wp\/v2\/users\/1"}],"replies":[{"embeddable":true,"href":"https:\/\/jms.com.bo\/mediamonitor\/wp-json\/wp\/v2\/comments?post=1155"}],"version-history":[{"count":1,"href":"https:\/\/jms.com.bo\/mediamonitor\/wp-json\/wp\/v2\/posts\/1155\/revisions"}],"predecessor-version":[{"id":1157,"href":"https:\/\/jms.com.bo\/mediamonitor\/wp-json\/wp\/v2\/posts\/1155\/revisions\/1157"}],"wp:featuredmedia":[{"embeddable":true,"href":"https:\/\/jms.com.bo\/mediamonitor\/wp-json\/wp\/v2\/media\/1156"}],"wp:attachment":[{"href":"https:\/\/jms.com.bo\/mediamonitor\/wp-json\/wp\/v2\/media?parent=1155"}],"wp:term":[{"taxonomy":"category","embeddable":true,"href":"https:\/\/jms.com.bo\/mediamonitor\/wp-json\/wp\/v2\/categories?post=1155"},{"taxonomy":"post_tag","embeddable":true,"href":"https:\/\/jms.com.bo\/mediamonitor\/wp-json\/wp\/v2\/tags?post=1155"}],"curies":[{"name":"wp","href":"https:\/\/api.w.org\/{rel}","templated":true}]}}