{"id":1167,"date":"2021-01-13T05:56:10","date_gmt":"2021-01-13T09:56:10","guid":{"rendered":"http:\/\/jms.com.bo\/mediamonitor\/?p=1167"},"modified":"2021-01-13T05:56:10","modified_gmt":"2021-01-13T09:56:10","slug":"bolivia-reporta-1-473-nuevos-contagios-de-covid-19-y-39-decesos","status":"publish","type":"post","link":"https:\/\/jms.com.bo\/mediamonitor\/2021\/01\/13\/bolivia-reporta-1-473-nuevos-contagios-de-covid-19-y-39-decesos\/","title":{"rendered":"Bolivia reporta 1.473 nuevos contagios de Covid-19 y 39 decesos"},"content":{"rendered":"<p style=\"text-align: justify;\">Bolivia report\u00f3 este martes 1.473 nuevos contagios de Covid-19 en los nueve departamentos del pa\u00eds y 39 decesos registrados en las \u00faltimas 24 horas, inform\u00f3 este martes el Ministerio de Salud.<\/p>\n<p style=\"text-align: justify;\">De acuerdo con el reporte N\u00ba. 303 de esa cartera de Estado, Santa Cruz reporta 588 casos, seguido de La Paz con 244.<\/p>\n<p style=\"text-align: justify;\">Adem\u00e1s, Cochabamba registr\u00f3 173, Oruro, 132; Beni, 117; Chuquisaca, 88; Tarija, 69; Pando, 33; y Potos\u00ed, 29.<\/p>\n<p style=\"text-align: justify;\">Tambi\u00e9n precisa que, desde el inicio de la pandemia, en Bolivia se reportaron 176.761 casos positivos, de los cuales 27.635 est\u00e1n activos.<\/p>\n<p style=\"text-align: justify;\">Asimismo, se descartaron 277.599 casos, se tienen 3.645 pacientes sospechosos, y la cifra de muertes a causa de ese virus asciende a 9.454, 39 decesos m\u00e1s que la jornada pasada.<\/p>\n<p style=\"text-align: justify;\">Mientras que los pacientes recuperados son 139.672 personas, 863 m\u00e1s que los registrados el jueves.<\/p>\n","protected":false},"excerpt":{"rendered":"<p>Bolivia report\u00f3 este martes 1.473 nuevos contagios de Covid-19 en los nueve departamentos del pa\u00eds y 39 decesos registrados en las \u00faltimas 24 horas, inform\u00f3 este martes el Ministerio de Salud. De acuerdo con el reporte N\u00ba. 303 de esa cartera de Estado, Santa Cruz reporta 588 casos, seguido de La Paz con 244. Adem\u00e1s, [&hellip;]<\/p>\n","protected":false},"author":1,"featured_media":1168,"comment_status":"open","ping_status":"open","sticky":false,"template":"","format":"standard","meta":{"footnotes":""},"categories":[20],"tags":[],"class_list":{"0":"post-1167","1":"post","2":"type-post","3":"status-publish","4":"format-standard","5":"has-post-thumbnail","7":"category-actualidad"},"_links":{"self":[{"href":"https:\/\/jms.com.bo\/mediamonitor\/wp-json\/wp\/v2\/posts\/1167","targetHints":{"allow":["GET"]}}],"collection":[{"href":"https:\/\/jms.com.bo\/mediamonitor\/wp-json\/wp\/v2\/posts"}],"about":[{"href":"https:\/\/jms.com.bo\/mediamonitor\/wp-json\/wp\/v2\/types\/post"}],"author":[{"embeddable":true,"href":"https:\/\/jms.com.bo\/mediamonitor\/wp-json\/wp\/v2\/users\/1"}],"replies":[{"embeddable":true,"href":"https:\/\/jms.com.bo\/mediamonitor\/wp-json\/wp\/v2\/comments?post=1167"}],"version-history":[{"count":1,"href":"https:\/\/jms.com.bo\/mediamonitor\/wp-json\/wp\/v2\/posts\/1167\/revisions"}],"predecessor-version":[{"id":1169,"href":"https:\/\/jms.com.bo\/mediamonitor\/wp-json\/wp\/v2\/posts\/1167\/revisions\/1169"}],"wp:featuredmedia":[{"embeddable":true,"href":"https:\/\/jms.com.bo\/mediamonitor\/wp-json\/wp\/v2\/media\/1168"}],"wp:attachment":[{"href":"https:\/\/jms.com.bo\/mediamonitor\/wp-json\/wp\/v2\/media?parent=1167"}],"wp:term":[{"taxonomy":"category","embeddable":true,"href":"https:\/\/jms.com.bo\/mediamonitor\/wp-json\/wp\/v2\/categories?post=1167"},{"taxonomy":"post_tag","embeddable":true,"href":"https:\/\/jms.com.bo\/mediamonitor\/wp-json\/wp\/v2\/tags?post=1167"}],"curies":[{"name":"wp","href":"https:\/\/api.w.org\/{rel}","templated":true}]}}