{"id":1183,"date":"2021-01-13T06:24:29","date_gmt":"2021-01-13T10:24:29","guid":{"rendered":"http:\/\/jms.com.bo\/mediamonitor\/?p=1183"},"modified":"2021-01-13T06:24:29","modified_gmt":"2021-01-13T10:24:29","slug":"pence-rechaza-invocar-la-25a-enmienda-para-apartar-del-cargo-a-trump","status":"publish","type":"post","link":"https:\/\/jms.com.bo\/mediamonitor\/2021\/01\/13\/pence-rechaza-invocar-la-25a-enmienda-para-apartar-del-cargo-a-trump\/","title":{"rendered":"Pence rechaza invocar la 25\u00aa Enmienda para apartar del cargo a Trump"},"content":{"rendered":"<p style=\"text-align: justify;\">El vicepresidente de Estados Unidos, Mike Pence,\u00a0<b>rechaz\u00f3 el martes invocar la 25\u00aa Enmienda de la Constituci\u00f3n para apartar del cargo al presidente Donald Trump<\/b>, lo cual abre la v\u00eda al lanzamiento esta semana de un segundo procedimiento de juicio pol\u00edtico al mandatario saliente.<\/p>\n<p style=\"text-align: justify;\">\u00abNo creo que ese curso de acci\u00f3n sea en el mejor inter\u00e9s de nuestra naci\u00f3n o sea consistente con nuestra Constituci\u00f3n\u00bb, dijo Pence en una carta a la l\u00edder de la C\u00e1mara de Representantes, la dem\u00f3crata Nancy Pelosi, justo antes de una\u00a0<b>votaci\u00f3n en la C\u00e1mara Baja\u00a0<\/b>de una resoluci\u00f3n exigiendo apelar a ese mecanismo sin precedentes en la historia estadounidense.<\/p>\n<p style=\"text-align: justify;\">La respuesta negativa de Pence garantiza que los\u00a0<b>dem\u00f3cratas someter\u00e1n el mi\u00e9rcoles a consideraci\u00f3n de la C\u00e1mara Baja la acusaci\u00f3n a Trump de \u00abincitar a la insurrecci\u00f3n\u00bb en la toma del Capitolio<\/b>\u00a0el 6 de enero por sus partidarios, en un segundo procedimiento hist\u00f3rico de \u00abimpeachment\u00bb contra el presidente republicano.<\/p>\n","protected":false},"excerpt":{"rendered":"<p>El vicepresidente de Estados Unidos, Mike Pence,\u00a0rechaz\u00f3 el martes invocar la 25\u00aa Enmienda de la Constituci\u00f3n para apartar del cargo al presidente Donald Trump, lo cual abre la v\u00eda al lanzamiento esta semana de un segundo procedimiento de juicio pol\u00edtico al mandatario saliente. \u00abNo creo que ese curso de acci\u00f3n sea en el mejor inter\u00e9s [&hellip;]<\/p>\n","protected":false},"author":1,"featured_media":1184,"comment_status":"open","ping_status":"open","sticky":false,"template":"","format":"standard","meta":{"footnotes":""},"categories":[20,47,48],"tags":[],"class_list":{"0":"post-1183","1":"post","2":"type-post","3":"status-publish","4":"format-standard","5":"has-post-thumbnail","7":"category-actualidad","8":"category-portada-actualidad","9":"category-portada-general-sitio"},"_links":{"self":[{"href":"https:\/\/jms.com.bo\/mediamonitor\/wp-json\/wp\/v2\/posts\/1183","targetHints":{"allow":["GET"]}}],"collection":[{"href":"https:\/\/jms.com.bo\/mediamonitor\/wp-json\/wp\/v2\/posts"}],"about":[{"href":"https:\/\/jms.com.bo\/mediamonitor\/wp-json\/wp\/v2\/types\/post"}],"author":[{"embeddable":true,"href":"https:\/\/jms.com.bo\/mediamonitor\/wp-json\/wp\/v2\/users\/1"}],"replies":[{"embeddable":true,"href":"https:\/\/jms.com.bo\/mediamonitor\/wp-json\/wp\/v2\/comments?post=1183"}],"version-history":[{"count":1,"href":"https:\/\/jms.com.bo\/mediamonitor\/wp-json\/wp\/v2\/posts\/1183\/revisions"}],"predecessor-version":[{"id":1185,"href":"https:\/\/jms.com.bo\/mediamonitor\/wp-json\/wp\/v2\/posts\/1183\/revisions\/1185"}],"wp:featuredmedia":[{"embeddable":true,"href":"https:\/\/jms.com.bo\/mediamonitor\/wp-json\/wp\/v2\/media\/1184"}],"wp:attachment":[{"href":"https:\/\/jms.com.bo\/mediamonitor\/wp-json\/wp\/v2\/media?parent=1183"}],"wp:term":[{"taxonomy":"category","embeddable":true,"href":"https:\/\/jms.com.bo\/mediamonitor\/wp-json\/wp\/v2\/categories?post=1183"},{"taxonomy":"post_tag","embeddable":true,"href":"https:\/\/jms.com.bo\/mediamonitor\/wp-json\/wp\/v2\/tags?post=1183"}],"curies":[{"name":"wp","href":"https:\/\/api.w.org\/{rel}","templated":true}]}}