{"id":13573,"date":"2021-10-11T06:47:43","date_gmt":"2021-10-11T10:47:43","guid":{"rendered":"https:\/\/jms.com.bo\/mediamonitor\/2021\/10\/11\/seis-fallecidos-en-accidente-aereo\/"},"modified":"2021-10-11T06:47:43","modified_gmt":"2021-10-11T10:47:43","slug":"seis-fallecidos-en-accidente-aereo","status":"publish","type":"post","link":"https:\/\/jms.com.bo\/mediamonitor\/2021\/10\/11\/seis-fallecidos-en-accidente-aereo\/","title":{"rendered":"Seis fallecidos en accidente a\u00e9reo"},"content":{"rendered":"<p style=\"text-align: justify;\">Una aeronave de la Fuerza A\u00e9rea Boliviana (FAB 320) se precipit\u00f3 a tierra a las 09.00 horas de ayer en proximidades de la comunidad Agua Dulce, en el municipio de Gonzalo Moreno, cerca de Pando, dos tripulantes y cuatro pasajeros perdieron la vida. El Gobierno confirm\u00f3 que era personal de salud.<br \/>\nEl siniestro se suscit\u00f3 luego del despegue, cuando se present\u00f3 una presunta falla mec\u00e1nica, lo que oblig\u00f3 a impactar contra un \u00e1rbol gigante de almendro a siete minutos de decolar. La aeronave cubr\u00eda la ruta Riberalta-Cobija.<br \/>\nLos fallecidos fueron identificados como: Carlos Romero P\u00e9rez, Jos\u00e9 Jorge Aruni Chura, Ericka Mercado Bustillo y Walter Delgado Ugarte, quienes eran personal de salubridad del Ministerio de Salud. La nave era pilotada por el capit\u00e1n Freddy Suarez T\u00e9llez y su copiloto, teniente Jhon Clinton Mariaca, ambos de la FAB.<br \/>\nLos pobladores de Agua Dulce acudieron al lugar del incidente y colaboraron a sofocar las llamas de la aeronave que qued\u00f3 en cenizas. Los cuerpos fueron trasladados a la morgue del Hospital de Riberalta.<br \/>\nUn grupo de efectivos policiales se traslad\u00f3 donde se registr\u00f3 el accidente a\u00e9reo para obtener informaci\u00f3n sobre el hecho y recuperar la caja negra, inform\u00f3 el comandante de la Polic\u00eda del Beni, Marcelo Vaca.<br \/>\nLa viceministra de Promoci\u00f3n, Vigilancia Epidemiol\u00f3gica y Medicina Tradicional, Mar\u00eda Renee Castro, confirm\u00f3 que ese personal corresponde a esa cartera de Estado y que acud\u00eda hasta Pando en labores contra la enfermedad del dengue y la malaria.<br \/>\nEl subcomandante de la instituci\u00f3n del orden, coronel Juan Luis Cuevas, ratific\u00f3 la muerte de los ocupantes de la aeronave, que fue instant\u00e1nea tras al impacto en tierra.<br \/>\nApunt\u00f3 que en trabajo conjunto entre la FAB y la Polic\u00eda se ha procedido al levantamiento legal de los cad\u00e1veres. Las labores contin\u00faan para establecer responsabilidades. (Riberalta-Innovapress)<\/p>\n","protected":false},"excerpt":{"rendered":"<p>Una aeronave de la Fuerza A\u00e9rea Boliviana (FAB 320) se precipit\u00f3 a tierra a las 09.00 horas de ayer en proximidades de la comunidad Agua Dulce, en el municipio de Gonzalo Moreno, cerca de Pando, dos tripulantes y cuatro pasajeros perdieron la vida. El Gobierno confirm\u00f3 que era personal de salud. El siniestro se suscit\u00f3 [&hellip;]<\/p>\n","protected":false},"author":4,"featured_media":13574,"comment_status":"open","ping_status":"open","sticky":false,"template":"","format":"standard","meta":{"footnotes":""},"categories":[20,36,47],"tags":[],"class_list":{"0":"post-13573","1":"post","2":"type-post","3":"status-publish","4":"format-standard","5":"has-post-thumbnail","7":"category-actualidad","8":"category-portada","9":"category-portada-actualidad"},"_links":{"self":[{"href":"https:\/\/jms.com.bo\/mediamonitor\/wp-json\/wp\/v2\/posts\/13573","targetHints":{"allow":["GET"]}}],"collection":[{"href":"https:\/\/jms.com.bo\/mediamonitor\/wp-json\/wp\/v2\/posts"}],"about":[{"href":"https:\/\/jms.com.bo\/mediamonitor\/wp-json\/wp\/v2\/types\/post"}],"author":[{"embeddable":true,"href":"https:\/\/jms.com.bo\/mediamonitor\/wp-json\/wp\/v2\/users\/4"}],"replies":[{"embeddable":true,"href":"https:\/\/jms.com.bo\/mediamonitor\/wp-json\/wp\/v2\/comments?post=13573"}],"version-history":[{"count":0,"href":"https:\/\/jms.com.bo\/mediamonitor\/wp-json\/wp\/v2\/posts\/13573\/revisions"}],"wp:featuredmedia":[{"embeddable":true,"href":"https:\/\/jms.com.bo\/mediamonitor\/wp-json\/wp\/v2\/media\/13574"}],"wp:attachment":[{"href":"https:\/\/jms.com.bo\/mediamonitor\/wp-json\/wp\/v2\/media?parent=13573"}],"wp:term":[{"taxonomy":"category","embeddable":true,"href":"https:\/\/jms.com.bo\/mediamonitor\/wp-json\/wp\/v2\/categories?post=13573"},{"taxonomy":"post_tag","embeddable":true,"href":"https:\/\/jms.com.bo\/mediamonitor\/wp-json\/wp\/v2\/tags?post=13573"}],"curies":[{"name":"wp","href":"https:\/\/api.w.org\/{rel}","templated":true}]}}