{"id":15343,"date":"2021-11-09T06:22:43","date_gmt":"2021-11-09T10:22:43","guid":{"rendered":"https:\/\/jms.com.bo\/mediamonitor\/2021\/11\/09\/la-expansion-agricola-es-la-gran-causante-de-la-deforestacion\/"},"modified":"2021-11-09T06:22:43","modified_gmt":"2021-11-09T10:22:43","slug":"la-expansion-agricola-es-la-gran-causante-de-la-deforestacion","status":"publish","type":"post","link":"https:\/\/jms.com.bo\/mediamonitor\/2021\/11\/09\/la-expansion-agricola-es-la-gran-causante-de-la-deforestacion\/","title":{"rendered":"La expansi\u00f3n agr\u00edcola es la gran causante de la deforestaci\u00f3n"},"content":{"rendered":"<p style=\"text-align: justify;\">m\u00e1s pronunciado de lo que se pensaba antes, se\u00f1al\u00f3 un estudio de la Organizaci\u00f3n de las Naciones Unidas para la Alimentaci\u00f3n y la Agricultura (FAO) divulgado este lunes 8.<\/p>\n<p style=\"text-align: justify;\">Qu Dongyu, director general de la organizaci\u00f3n, dijo al presentar el estudio que \u201cseg\u00fan la evaluaci\u00f3n de los recursos forestales mundiales m\u00e1s reciente de la FAO, hemos perdido 420 millones de hect\u00e1reas de bosques desde 1990\u201d.<\/p>\n<p style=\"text-align: justify;\">Los nuevos datos confirman una desaceleraci\u00f3n general de la deforestaci\u00f3n a escala mundial, a la vez que se advierte que en particular las pluviselvas tropicales (bosques con \u00e1rboles altos, clima tibio y mucha lluvia) est\u00e1n sometidas a gran presi\u00f3n por la expansi\u00f3n agr\u00edcola.<\/p>\n<p style=\"text-align: justify;\">La deforestaci\u00f3n consiste en la conversi\u00f3n de los bosques a otro tipo de uso de la tierra, como la agricultura y la infraestructura. En todo el mundo, m\u00e1s de la mitad de las p\u00e9rdidas forestales se debe a la conversi\u00f3n de bosques en tierras de cultivo, mientras que casi 40 por ciento de esas p\u00e9rdidas corresponde al pastoreo.<\/p>\n<p style=\"text-align: justify;\">Qu destac\u00f3, de cara a la 26 conferencia de las Naciones Unidas sobre el cambio clim\u00e1tico (COP26) que se realiza en Glasgow, Reino Unido, que aumentar la productividad del sector agroalimentario ante las demandas de una poblaci\u00f3n que crece, y detener la deforestaci\u00f3n, no son objetivos mutuamente excluyentes.<\/p>\n<p style=\"text-align: justify;\">Invertir la tendencia de la deforestaci\u00f3n es de vital importancia para reconstruir mejor y de forma m\u00e1s verde despu\u00e9s de la pandemia covid-19, plante\u00f3 Qu.<\/p>\n<p style=\"text-align: justify;\">Para que esa iniciativa surta efecto, \u201ctenemos que saber d\u00f3nde y por qu\u00e9 se producen la deforestaci\u00f3n y la degradaci\u00f3n forestal y d\u00f3nde es preciso adoptar medidas, y ello solo es posible combinando las \u00faltimas innovaciones tecnol\u00f3gicas con la experiencia local sobre el terreno\u201d, sostuvo el director general.<\/p>\n<p style=\"text-align: justify;\">M\u00e1s de 20 pa\u00edses en desarrollo han demostrado ya que es posible hacerlo, y los nuevos datos confirman que en Am\u00e9rica del Sur y en Asia se ha conseguido reducir la deforestaci\u00f3n<\/p>\n<p style=\"text-align: justify;\">Seg\u00fan el nuevo estudio, de 2000 a 2018 la inmensa mayor\u00eda de la deforestaci\u00f3n registrada tuvo lugar en biomas tropicales, y pese a la desaceleraci\u00f3n en Am\u00e9rica del Sur y Asia, las pluviselvas tropicales de esas regiones siguen registrando los mayores \u00edndices de deforestaci\u00f3n.<\/p>\n<p style=\"text-align: justify;\">La agricultura sigue siendo la principal causa de deforestaci\u00f3n en todas las regiones, excepto en Europa, donde el desarrollo urbano y de las infraestructuras tiene mayor repercusi\u00f3n.<\/p>\n<p style=\"text-align: justify;\">La conversi\u00f3n a tierras de cultivo domina la p\u00e9rdida forestal en \u00c1frica y Asia, donde m\u00e1s de 75 por ciento de la superficie forestal perdida se convirti\u00f3 a tierras de cultivo. En Am\u00e9rica del Sur, casi tres cuartos de la deforestaci\u00f3n se deben al pastoreo.<\/p>\n<p style=\"text-align: justify;\">Ante ese panorama, la Asociaci\u00f3n de Colaboraci\u00f3n en materia de Bosques dirigida por la FAO, que agrupa a 15 organizaciones internacionales, prepara una iniciativa conjunta orientada a invertir la tendencia de la deforestaci\u00f3n para acelerar la aplicaci\u00f3n de medidas y ampliar los efectos.<\/p>\n<p style=\"text-align: justify;\">Dados los m\u00faltiples v\u00ednculos entre los bosques, la agricultura y la seguridad alimentaria, un nuevo marco estrat\u00e9gico de la FAO orientar\u00e1 las iniciativas de transformaci\u00f3n de los sistemas agroalimentarios para que sean m\u00e1s eficientes, inclusivos, resilientes y sostenibles, indic\u00f3 la organizaci\u00f3n.<\/p>\n<p style=\"text-align: justify;\">Junto con el Programa de las Naciones Unidas para el Desarrollo, y el Programa de las Naciones Unidas para el Medio Ambiente, la FAO ya ayuda a m\u00e1s de 60 pa\u00edses a aplicar estrategias de reducci\u00f3n de las emisiones de gases de efecto invernadero debidas a la deforestaci\u00f3n y la degradaci\u00f3n de los bosques.<\/p>\n<p style=\"text-align: justify;\">El estudio sobre la deforestaci\u00f3n, dirigido por la FAO, se realiz\u00f3 mediante datos e instrumentos satelitales elaborados en asociaci\u00f3n con la Administraci\u00f3n Nacional de Aeron\u00e1utica y el Espacio de Estados Unidos (NASA) y Google, y en estrecha colaboraci\u00f3n con m\u00e1s de 800 expertos nacionales de casi 130 pa\u00edses.<\/p>\n","protected":false},"excerpt":{"rendered":"<p>m\u00e1s pronunciado de lo que se pensaba antes, se\u00f1al\u00f3 un estudio de la Organizaci\u00f3n de las Naciones Unidas para la Alimentaci\u00f3n y la Agricultura (FAO) divulgado este lunes 8. Qu Dongyu, director general de la organizaci\u00f3n, dijo al presentar el estudio que \u201cseg\u00fan la evaluaci\u00f3n de los recursos forestales mundiales m\u00e1s reciente de la FAO, [&hellip;]<\/p>\n","protected":false},"author":4,"featured_media":6391,"comment_status":"open","ping_status":"open","sticky":false,"template":"","format":"standard","meta":{"footnotes":""},"categories":[52],"tags":[],"class_list":{"0":"post-15343","1":"post","2":"type-post","3":"status-publish","4":"format-standard","5":"has-post-thumbnail","7":"category-alimentos-agroindustria"},"_links":{"self":[{"href":"https:\/\/jms.com.bo\/mediamonitor\/wp-json\/wp\/v2\/posts\/15343","targetHints":{"allow":["GET"]}}],"collection":[{"href":"https:\/\/jms.com.bo\/mediamonitor\/wp-json\/wp\/v2\/posts"}],"about":[{"href":"https:\/\/jms.com.bo\/mediamonitor\/wp-json\/wp\/v2\/types\/post"}],"author":[{"embeddable":true,"href":"https:\/\/jms.com.bo\/mediamonitor\/wp-json\/wp\/v2\/users\/4"}],"replies":[{"embeddable":true,"href":"https:\/\/jms.com.bo\/mediamonitor\/wp-json\/wp\/v2\/comments?post=15343"}],"version-history":[{"count":0,"href":"https:\/\/jms.com.bo\/mediamonitor\/wp-json\/wp\/v2\/posts\/15343\/revisions"}],"wp:featuredmedia":[{"embeddable":true,"href":"https:\/\/jms.com.bo\/mediamonitor\/wp-json\/wp\/v2\/media\/6391"}],"wp:attachment":[{"href":"https:\/\/jms.com.bo\/mediamonitor\/wp-json\/wp\/v2\/media?parent=15343"}],"wp:term":[{"taxonomy":"category","embeddable":true,"href":"https:\/\/jms.com.bo\/mediamonitor\/wp-json\/wp\/v2\/categories?post=15343"},{"taxonomy":"post_tag","embeddable":true,"href":"https:\/\/jms.com.bo\/mediamonitor\/wp-json\/wp\/v2\/tags?post=15343"}],"curies":[{"name":"wp","href":"https:\/\/api.w.org\/{rel}","templated":true}]}}