{"id":15346,"date":"2021-11-09T06:30:11","date_gmt":"2021-11-09T10:30:11","guid":{"rendered":"https:\/\/jms.com.bo\/mediamonitor\/2021\/11\/09\/policia-arresto-a-125-personas-durante-el-primer-dia-del-paro-en-el-pais\/"},"modified":"2021-11-09T06:30:11","modified_gmt":"2021-11-09T10:30:11","slug":"policia-arresto-a-125-personas-durante-el-primer-dia-del-paro-en-el-pais","status":"publish","type":"post","link":"https:\/\/jms.com.bo\/mediamonitor\/2021\/11\/09\/policia-arresto-a-125-personas-durante-el-primer-dia-del-paro-en-el-pais\/","title":{"rendered":"Polic\u00eda arrest\u00f3 a 125 personas durante el primer d\u00eda del paro en el pa\u00eds"},"content":{"rendered":"<p style=\"text-align: justify;\">Desde las 00:00 horas de este lunes, la Polic\u00eda despleg\u00f3 a sus unidades t\u00e1cticas para iniciar un operativo preventivo durante el primer d\u00eda de paro c\u00edvico nacional. El resultado final de esta jornada fue el arresto de 125 personas en todo el pa\u00eds, el secuestro de petardos, bebidas alcoh\u00f3licas y el desbloqueo en algunos puntos.<\/p>\n<p style=\"text-align: justify;\">Nelson Cox, viceministro de R\u00e9gimen Interior y Policial, explic\u00f3 que los controles policiales se desarrollaron para garantizar la transitabilidad de las personas que se dirig\u00edan a sus fuentes de trabajo y evitar los enfrentamientos, sin embargo, reconoci\u00f3 que hubo momentos de tensi\u00f3n cuando se desbloquearon algunas v\u00edas.<\/p>\n<p style=\"text-align: justify;\">Cox dijo que fueron 125 personas las arrestadas en los nueve departamentos, debido a que \u00abalgunas fueron sorprendidas en estado de ebriedad. Otras estaban armadas con palos y petardos, con lo que provocaron enfrentamientos con los uniformados\u00bb.<\/p>\n<p style=\"text-align: justify;\">Santa Cruz fue el departamento donde hubo m\u00e1s detenidos, 94 en total, y en varias zonas de la ciudad se registraron enfrentamientos entre bloqueadores y grupos que se oponen al paro sectorial. En horas de la noche, la tensi\u00f3n se increment\u00f3 en el Plan 3.000 y un fuerte contingente policial lleg\u00f3 al lugar para hacer vigilia y prevenir posibles conflictos.<\/p>\n<p style=\"text-align: justify;\">El paro nacional seguir\u00e1 ma\u00f1ana, seg\u00fan los anunciaron los gremialistas, transportistas y c\u00edvicos, por lo que la Polic\u00eda continuar\u00e1 con sus unidades t\u00e1cticas desplegadas en todo el pa\u00eds. Seg\u00fan Nelson Cox, los operativos ser\u00e1n de manera permanente.<\/p>\n<p style=\"text-align: justify;\">\u201cSe va a intervenir como corresponde, hay una minor\u00eda que quiere perjudicarse, (ellos) que contin\u00faen con su protesta sin afectar a los dem\u00e1s (\u2026) Los controles continuar\u00e1n para garantizar la libre transitabilidad\u201d, acot\u00f3.<\/p>\n","protected":false},"excerpt":{"rendered":"<p>Desde las 00:00 horas de este lunes, la Polic\u00eda despleg\u00f3 a sus unidades t\u00e1cticas para iniciar un operativo preventivo durante el primer d\u00eda de paro c\u00edvico nacional. El resultado final de esta jornada fue el arresto de 125 personas en todo el pa\u00eds, el secuestro de petardos, bebidas alcoh\u00f3licas y el desbloqueo en algunos puntos. [&hellip;]<\/p>\n","protected":false},"author":4,"featured_media":15347,"comment_status":"open","ping_status":"open","sticky":false,"template":"","format":"standard","meta":{"footnotes":""},"categories":[49],"tags":[],"class_list":{"0":"post-15346","1":"post","2":"type-post","3":"status-publish","4":"format-standard","5":"has-post-thumbnail","7":"category-social"},"_links":{"self":[{"href":"https:\/\/jms.com.bo\/mediamonitor\/wp-json\/wp\/v2\/posts\/15346","targetHints":{"allow":["GET"]}}],"collection":[{"href":"https:\/\/jms.com.bo\/mediamonitor\/wp-json\/wp\/v2\/posts"}],"about":[{"href":"https:\/\/jms.com.bo\/mediamonitor\/wp-json\/wp\/v2\/types\/post"}],"author":[{"embeddable":true,"href":"https:\/\/jms.com.bo\/mediamonitor\/wp-json\/wp\/v2\/users\/4"}],"replies":[{"embeddable":true,"href":"https:\/\/jms.com.bo\/mediamonitor\/wp-json\/wp\/v2\/comments?post=15346"}],"version-history":[{"count":0,"href":"https:\/\/jms.com.bo\/mediamonitor\/wp-json\/wp\/v2\/posts\/15346\/revisions"}],"wp:featuredmedia":[{"embeddable":true,"href":"https:\/\/jms.com.bo\/mediamonitor\/wp-json\/wp\/v2\/media\/15347"}],"wp:attachment":[{"href":"https:\/\/jms.com.bo\/mediamonitor\/wp-json\/wp\/v2\/media?parent=15346"}],"wp:term":[{"taxonomy":"category","embeddable":true,"href":"https:\/\/jms.com.bo\/mediamonitor\/wp-json\/wp\/v2\/categories?post=15346"},{"taxonomy":"post_tag","embeddable":true,"href":"https:\/\/jms.com.bo\/mediamonitor\/wp-json\/wp\/v2\/tags?post=15346"}],"curies":[{"name":"wp","href":"https:\/\/api.w.org\/{rel}","templated":true}]}}