{"id":15349,"date":"2021-11-09T06:32:36","date_gmt":"2021-11-09T10:32:36","guid":{"rendered":"https:\/\/jms.com.bo\/mediamonitor\/2021\/11\/09\/la-suspension-de-actividades-fue-acatada-parcialmente-en-el-pais\/"},"modified":"2021-11-09T06:32:36","modified_gmt":"2021-11-09T10:32:36","slug":"la-suspension-de-actividades-fue-acatada-parcialmente-en-el-pais","status":"publish","type":"post","link":"https:\/\/jms.com.bo\/mediamonitor\/2021\/11\/09\/la-suspension-de-actividades-fue-acatada-parcialmente-en-el-pais\/","title":{"rendered":"La suspensi\u00f3n de actividades fue acatada parcialmente en el pa\u00eds"},"content":{"rendered":"<p style=\"text-align: justify;\">En las principales ciudades del pa\u00eds el paro de actividades se cumpli\u00f3 de manera parcial y predominaron las agresiones entre los que apoyaban la medida y grupos afines al Gobierno.<\/p>\n<p style=\"text-align: justify;\">En la ciudad de La Paz, el periodista Iv\u00e1n Paredes, por ejemplo, indic\u00f3 que no se evidenciaron puntos de bloqueo y el transporte p\u00fablico y particular transit\u00f3 con normalidad. Solo en el centro de la sede de Gobierno hubo interrupci\u00f3n al tr\u00e1fico vehicular por la celebraci\u00f3n del primer a\u00f1o de gesti\u00f3n de Luis Arce y por la marcha de los gremiales que descendieron al centro de La Paz en una columna.<\/p>\n<p style=\"text-align: justify;\">Algunas de las plataformas acompa\u00f1aron a la marcha de los gremiales. En la zona sur de la ciudad de La Paz no se evidenci\u00f3 puntos de bloqueo. Las entidades bancarias, negocios y comercios trabajaron con normalidad. Algunos colegios y escuelas decidieron cerrar sus puertas debido al anuncio del paro y optaron por las clases a distancia.<\/p>\n<p style=\"text-align: justify;\">En la ciudad de El Alto el panorama fue similar. No hubo bloqueos ni marchas y el trabajo en esa urbe transcurri\u00f3 con normalidad.<\/p>\n<p style=\"text-align: justify;\">En Cochabamba, el periodista Humberto Ayll\u00f3n indic\u00f3 que, desde el domingo en la madrugada la polic\u00eda ya estaba desplazada en los diferentes puentes y las carreteras troncales.<\/p>\n<p style=\"text-align: justify;\">Al promediar las 6:30 los bloqueos en la zona centro y norte de la ciudad se hicieron evidentes, con calles y avenidas bloqueadas con piedras, banderas y llantas por parte de grupos de personas.<\/p>\n<p style=\"text-align: justify;\">El principal lugar de conflicto en la jornada fue la carretera al occidente en el sector de Suticollo. Donde la polic\u00eda intervino y habilit\u00f3 la avenida. En el lugar se detuvieron a 4 personas que fueron trasladadas a la FELCC del Municipio de Quillacollo.<\/p>\n<p style=\"text-align: justify;\">Otro punto de conflicto fue en la zona m\u00e1s conocida como la Cancha (Avenida Punata y San Mart\u00edn) donde comerciantes y simpatizantes del MAS se enfrentaron hasta que lleg\u00f3 la polic\u00eda y separ\u00f3 a los grupos.<\/p>\n<p style=\"text-align: justify;\">Al finalizar la tarde de ayer las calles y avenidas del centro y norte de la ciudad de Cochabamba continuaban con algunos bloqueos.<\/p>\n<p style=\"text-align: justify;\">El sector del transporte federado no particip\u00f3 como parte activa y no salieron a bloquear ni marchar y en la jornada trabajaron en un 80 % de su capacidad.<\/p>\n<p style=\"text-align: justify;\">Potos\u00ed fue de las m\u00e1s violentas<\/p>\n<p style=\"text-align: justify;\">La capital potosina fue escenario de confrontaciones violentas cuando una marcha de campesinos del norte Potos\u00ed afines al MAS lleg\u00f3 hasta el centro de la ciudad en rechazo al paro, en algunos puntos de bloqueo agredieron a piedrazos a los c\u00edvicos que protestaron desde tempranas horas de este lunes, inform\u00f3 ANF.<\/p>\n<p style=\"text-align: justify;\">Seg\u00fan el diario El Potos\u00ed, los campesinos ingresaron por la avenida Universitaria, pasando por el mercado Uyuni hasta llegar a la plaza 10 de Noviembre. En ciertos puntos, algunos campesinos se trenzaron a golpes y en otros se atacaron con piedras, palos e incluso cachorros de dinamita para abrirse camino.<\/p>\n<p style=\"text-align: justify;\">Los efectivos policiales tuvieron que intervenir lanzando gases lacrim\u00f3genos para evitar que contin\u00fae la confrontaci\u00f3n, mientras que en la plaza 10 de septiembre, la polic\u00eda estuvo en medio de ambos bandos para evitar las peleas. A\u00fan se espera un reporte oficial de la polic\u00eda sobre posibles heridos y da\u00f1os a la propiedad.<\/p>\n<p style=\"text-align: justify;\">Casi un d\u00eda normal en Sucre<\/p>\n<p style=\"text-align: justify;\">El corresponsal de El Deber Willian Zentellas inform\u00f3 que las actividades en Sucre y Chuquisaca fueron casi normales y ning\u00fan sector acat\u00f3 el paro c\u00edvico indefinido, pese a que el presidente del Comit\u00e9 C\u00edvico de Chuquisaca, Roger Amador dijo que se sumaban al paro, pero no se not\u00f3 ninguna interrupci\u00f3n en las actividades tanto privadas como p\u00fablicas.<\/p>\n<p style=\"text-align: justify;\">Por su parte el director de Tr\u00e1nsito de la Polic\u00eda en Chuquisaca, coronel Jos\u00e9 Luis Assaf, se\u00f1al\u00f3 que los reportes de esta ma\u00f1ana, daban cuenta que todas las carreteras estaban expeditas.<\/p>\n<p style=\"text-align: justify;\">Sin embargo, el transporte departamental en Chuquisaca determin\u00f3 este lunes exigir la abrogaci\u00f3n de la ley 1386 y desde este martes se sumar\u00e1n a las convocatorias a movilizaciones de las organizaciones representativas en la ciudad capital.<\/p>\n<p style=\"text-align: justify;\">\u201cVamos a estar en pie de lucha junto al pueblo boliviano y las medidas que se vayan a tomar\u201d, sostuvo el dirigente del transporte pesado, Edwin Escobar.<\/p>\n<p style=\"text-align: justify;\">Por su parte el ejecutivo del transporte en Chuquisaca, Jhonny Estrada, anunci\u00f3 que la marcha convocada para este martes en rechazo de la ley 1386 y las conclusiones que se vayan a asumir en la misma ser\u00e1n las futuras medidas de presi\u00f3n para lograr la abrogaci\u00f3n de dicha norma.<\/p>\n<p style=\"text-align: justify;\">Tarija<\/p>\n<p style=\"text-align: justify;\">El paro indefinido decretado por el Comit\u00e9 Pro Intereses de Tarija inici\u00f3 con al menos 50 puntos de bloqueos de avenidas y calles en la capital tarije\u00f1a para impedir el tr\u00e1nsito vehicular, inform\u00f3 el periodista David Maygua.<\/p>\n<p style=\"text-align: justify;\">Los transportistas sindicalizados bloquearon las arterias p\u00fablicas con sus micros, minivans y camiones de alto tonelaje desplazados durante la madrugada de este lunes.<\/p>\n<p style=\"text-align: justify;\">Adem\u00e1s, se reportaron otros puntos de bloqueos en las carreteras que unen a la capital tarije\u00f1a con el Norte del pa\u00eds, Bermejo y Yacuiba.<\/p>\n<p style=\"text-align: justify;\">En las provincias de Tarija se acat\u00f3 tambi\u00e9n la medida de protesta en respaldo al movimiento c\u00edvico.<\/p>\n<p style=\"text-align: justify;\">El vicepresidente del Comit\u00e9 C\u00edvico Regional del Gran Chaco, Ra\u00fal Hilari\u00f3n, reafirm\u00f3 el bloqueo en el ingreso al puente internacional que conecta a San Jos\u00e9 de Pocitos con la localidad de Salvador Mazza, en la frontera con Argentina.<\/p>\n<p style=\"text-align: justify;\">A\u00f1adi\u00f3 que existen dos puntos de bloqueo a la altura de Campo Pajoso, de la carretera a Santa Cruz, y en la v\u00eda ferroviaria del Distrito 1, de la ciudad de Yacuiba.<\/p>\n<p style=\"text-align: justify;\">Ouro y Beni<\/p>\n<p style=\"text-align: justify;\">Desde la ciudad de Oruro, Emilio Huascar indic\u00f3 que se reportaron alrededor de 35 puntos de bloqueo disipados en varios puntos de la ciudad capital, el sector salud, gremial y el bloque de unidad Oruro, conformado por uno de los Comit\u00e9s C\u00edvicos, Conade y el Movimiento Ciudadano Juan Mendoza estuvieron a la cabeza de estas medidas de presi\u00f3n asumidas. Mientras tanto las actividades laborales fueron normales en la jornada de lunes.<\/p>\n<p style=\"text-align: justify;\">En Trinidad , el Comit\u00e9 C\u00edvico de Beni realiz\u00f3 el bloqueo de algunas de las principales calles de la capital beniana en medio del rechazo de las principales instituciones de este departamento, que no acataron la medida, inform\u00f3 La Palabra del Beni.<\/p>\n<p style=\"text-align: justify;\">Debido al anuncio de paro, la Terminal de Buses decidi\u00f3 suspender las salidas de flotas desde el mediod\u00eda del domingo y este lunes sigui\u00f3 cerrada.<\/p>\n<p style=\"text-align: justify;\">Por otro lado, en la ciudad de Cobija, Pando no se reportaron incidentes y la jornada transcurri\u00f3 con tranquilidad.<\/p>\n<p style=\"text-align: justify;\">UNA JORNADA SIN SUSPENSI\u00d3N DE ACTIVIDADES SE VIVI\u00d3 EN LA PAZ<br \/>\nAlgunas de las plataformas acompa\u00f1aron a la marcha de los gremiales en la capital pace\u00f1a y en la zona sur de la ciudad, tampoco se evidenci\u00f3 puntos de bloqueo, como en otros paros anteriores. Por otro lado, las entidades bancarias, negocios y comercios trabajaron con normalidad, excepto algunas instituciones educativas, tanto escuelas como universidades que prefirieron no dar clases persenciales y optar por las clases virtuales.<\/p>\n<p style=\"text-align: justify;\">Salvo algunos casos aislados, no se presentaron grandes contratiempos en la sede de Gobierno este lunes 8 de noviembre.<\/p>\n<p style=\"text-align: justify;\">EN COCHABAMBA NO HUBO GRAVES INCIDENTES ESTE LUNES<br \/>\nEn Cochabamba se produjeron algunos puntos de bloqueo, pero los efectivos policiales procedieron a desbloquear y habilitar el tr\u00e1nsito vehicular como en las rotondas del norte de esa ciudad. El principal punto conflictivo est\u00e1 en el sector de Suticollo donde la polic\u00eda utiliz\u00f3 agentes qu\u00edmicos para dispersar a los bloqueadores.<\/p>\n<p style=\"text-align: justify;\">Otro de los lugares conflictivos fue en la zona conocida como La Cancha (Avienida Punata y San Mart\u00edn), donde la polic\u00eda evit\u00f3 enfrentamientos entre los comerciantes y simpatizantes del Movimiento al Socialismo.<\/p>\n<p style=\"text-align: justify;\">AMAGUE DE PELEA EN EL CENTRO DE LA CAPITAL TARIJE\u00d1A<br \/>\nEn Tarija, un grupo de personas contrarias al paro intentaron levantar los bloqueos, se produjeron amagues de enfrentamiento, empujones, jalones e insultos. Los c\u00edvicos anunciaron que continuar\u00e1n con la medida de presi\u00f3n, las que se espera que continuar\u00e1n en la jornada de este martes.<\/p>\n<p style=\"text-align: justify;\">Otros puntos importantes de bloqueos en el departamento se encuentran en las carreteras que unen a la capital tarije\u00f1a con el Norte del pa\u00eds, Bermejo y Yacuiba, que est\u00e1n en la zona fronteriza con Argentina.<\/p>\n<p style=\"text-align: justify;\">TODAS LA ACTIVIDADES FUERON NORMALES EN SUCRE<br \/>\nInstituciones y lugares de comercio y el servicio de transporte fue normal en la capital del pa\u00eds.<\/p>\n<p style=\"text-align: justify;\">Los gremiales y juntas vecinales en Sucre y Chuquisaca, a trav\u00e9s de su dirigente no acataron el paro por no estar de acuerdo con la medida y por separado anunciaron movilizaciones.<\/p>\n<p style=\"text-align: justify;\">Sin embargo, el transporte chuquisaque\u00f1o prepara para este martes una marcha en contra de la pol\u00e9mica ley 1386 y adelantaron que las medidas que tomen para los d\u00edas siguientes se decidir\u00e1n despu\u00e9s de la marcha, indicaron los l\u00edderes del sector.<\/p>\n","protected":false},"excerpt":{"rendered":"<p>En las principales ciudades del pa\u00eds el paro de actividades se cumpli\u00f3 de manera parcial y predominaron las agresiones entre los que apoyaban la medida y grupos afines al Gobierno. En la ciudad de La Paz, el periodista Iv\u00e1n Paredes, por ejemplo, indic\u00f3 que no se evidenciaron puntos de bloqueo y el transporte p\u00fablico y [&hellip;]<\/p>\n","protected":false},"author":4,"featured_media":15350,"comment_status":"open","ping_status":"open","sticky":false,"template":"","format":"standard","meta":{"footnotes":""},"categories":[49],"tags":[],"class_list":{"0":"post-15349","1":"post","2":"type-post","3":"status-publish","4":"format-standard","5":"has-post-thumbnail","7":"category-social"},"_links":{"self":[{"href":"https:\/\/jms.com.bo\/mediamonitor\/wp-json\/wp\/v2\/posts\/15349","targetHints":{"allow":["GET"]}}],"collection":[{"href":"https:\/\/jms.com.bo\/mediamonitor\/wp-json\/wp\/v2\/posts"}],"about":[{"href":"https:\/\/jms.com.bo\/mediamonitor\/wp-json\/wp\/v2\/types\/post"}],"author":[{"embeddable":true,"href":"https:\/\/jms.com.bo\/mediamonitor\/wp-json\/wp\/v2\/users\/4"}],"replies":[{"embeddable":true,"href":"https:\/\/jms.com.bo\/mediamonitor\/wp-json\/wp\/v2\/comments?post=15349"}],"version-history":[{"count":0,"href":"https:\/\/jms.com.bo\/mediamonitor\/wp-json\/wp\/v2\/posts\/15349\/revisions"}],"wp:featuredmedia":[{"embeddable":true,"href":"https:\/\/jms.com.bo\/mediamonitor\/wp-json\/wp\/v2\/media\/15350"}],"wp:attachment":[{"href":"https:\/\/jms.com.bo\/mediamonitor\/wp-json\/wp\/v2\/media?parent=15349"}],"wp:term":[{"taxonomy":"category","embeddable":true,"href":"https:\/\/jms.com.bo\/mediamonitor\/wp-json\/wp\/v2\/categories?post=15349"},{"taxonomy":"post_tag","embeddable":true,"href":"https:\/\/jms.com.bo\/mediamonitor\/wp-json\/wp\/v2\/tags?post=15349"}],"curies":[{"name":"wp","href":"https:\/\/api.w.org\/{rel}","templated":true}]}}