{"id":15351,"date":"2021-11-09T06:34:12","date_gmt":"2021-11-09T10:34:12","guid":{"rendered":"https:\/\/jms.com.bo\/mediamonitor\/2021\/11\/09\/educacion-verificara-presencia-de-maestros-de-la-paz-en-aulas-arias-critica-la-decision\/"},"modified":"2021-11-09T06:34:12","modified_gmt":"2021-11-09T10:34:12","slug":"educacion-verificara-presencia-de-maestros-de-la-paz-en-aulas-arias-critica-la-decision","status":"publish","type":"post","link":"https:\/\/jms.com.bo\/mediamonitor\/2021\/11\/09\/educacion-verificara-presencia-de-maestros-de-la-paz-en-aulas-arias-critica-la-decision\/","title":{"rendered":"Educaci\u00f3n verificar\u00e1 presencia de maestros de La Paz en aulas, Arias critica la decisi\u00f3n"},"content":{"rendered":"<p style=\"text-align: justify;\">Tras el anuncio de la Direcci\u00f3n Departamental de Educaci\u00f3n de La Paz, sobre la presencia obligatoria de los maestros en las aulas desde este lunes, para impartir tanto clases presenciales como a distancia, el alcalde pace\u00f1o, Iv\u00e1n Arias, indic\u00f3 que es una irresponsabilidad que atenta contra la salud de los menores de edad.<\/p>\n<p style=\"text-align: justify;\">No obstante, el burgomaestre no menciona que la decisi\u00f3n \u2014publicada el domingo en la edici\u00f3n impresa de La Raz\u00f3n\u2014 solo involucra a los profesores, ya que, seg\u00fan los datos oficiales, el 96% de los integrantes del magisterio ya se encuentra vacunado. Adem\u00e1s, la presencia de los estudiantes es voluntaria, definida por sus progenitores.<\/p>\n<p style=\"text-align: justify;\">El director departamental de Educaci\u00f3n, Carmelo L\u00f3pez, dijo que la finalidad de esta pol\u00edtica es evitar la reprobaci\u00f3n de alumnos que no tienen internet en sus hogares o no cuentan con buena cobertura, y que, tras una evaluaci\u00f3n de sus padres, pueden ser beneficiados por un contacto directo con los maestros en las unidades educativas.<\/p>\n<p style=\"text-align: justify;\">Asimismo, los profesores deber\u00e1n brindar las clases presenciales a los estudiantes que vayan a las aulas y, de manera paralela, aplicar la educaci\u00f3n a distancia. L\u00f3pez dijo que este lunes se realizar\u00e1n verificaciones en colegios fiscales, particulares y de convenio sobre el cumplimiento de la disposici\u00f3n, a un mes del cierre del a\u00f1o escolar.<\/p>\n<p style=\"text-align: justify;\">Arias recurri\u00f3 a las redes sociales para protestar. \u201cMinistro de Educaci\u00f3n: obligar al retorno a clases presenciales en el municipio de La Paz es una irresponsabilidad t\u00e9cnica y pol\u00edtica que atenta contra nuestros ni\u00f1os en plena cuarta ola del COVID-19. Env\u00edo nuestra propuesta para proteger la vida\u201d (sic), escribi\u00f3 el alcalde en Twitter.<\/p>\n<p style=\"text-align: justify;\">Public\u00f3 un arte de la Alcald\u00eda, en la cual se propone la exigencia del carnet de vacunaci\u00f3n o pruebas PCR negativas para realizar tr\u00e1mites y transacciones; carnet de vacunaci\u00f3n para viajes nacionales; ampliar vacunaci\u00f3n en tercera dosis; vacunar a la poblaci\u00f3n de 5 a 15 a\u00f1os; y vacunaci\u00f3n masiva a j\u00f3venes de 16 y 17 a\u00f1os.<\/p>\n<p style=\"text-align: justify;\">\n","protected":false},"excerpt":{"rendered":"<p>Tras el anuncio de la Direcci\u00f3n Departamental de Educaci\u00f3n de La Paz, sobre la presencia obligatoria de los maestros en las aulas desde este lunes, para impartir tanto clases presenciales como a distancia, el alcalde pace\u00f1o, Iv\u00e1n Arias, indic\u00f3 que es una irresponsabilidad que atenta contra la salud de los menores de edad. No obstante, [&hellip;]<\/p>\n","protected":false},"author":4,"featured_media":15352,"comment_status":"open","ping_status":"open","sticky":false,"template":"","format":"standard","meta":{"footnotes":""},"categories":[20],"tags":[],"class_list":{"0":"post-15351","1":"post","2":"type-post","3":"status-publish","4":"format-standard","5":"has-post-thumbnail","7":"category-actualidad"},"_links":{"self":[{"href":"https:\/\/jms.com.bo\/mediamonitor\/wp-json\/wp\/v2\/posts\/15351","targetHints":{"allow":["GET"]}}],"collection":[{"href":"https:\/\/jms.com.bo\/mediamonitor\/wp-json\/wp\/v2\/posts"}],"about":[{"href":"https:\/\/jms.com.bo\/mediamonitor\/wp-json\/wp\/v2\/types\/post"}],"author":[{"embeddable":true,"href":"https:\/\/jms.com.bo\/mediamonitor\/wp-json\/wp\/v2\/users\/4"}],"replies":[{"embeddable":true,"href":"https:\/\/jms.com.bo\/mediamonitor\/wp-json\/wp\/v2\/comments?post=15351"}],"version-history":[{"count":0,"href":"https:\/\/jms.com.bo\/mediamonitor\/wp-json\/wp\/v2\/posts\/15351\/revisions"}],"wp:featuredmedia":[{"embeddable":true,"href":"https:\/\/jms.com.bo\/mediamonitor\/wp-json\/wp\/v2\/media\/15352"}],"wp:attachment":[{"href":"https:\/\/jms.com.bo\/mediamonitor\/wp-json\/wp\/v2\/media?parent=15351"}],"wp:term":[{"taxonomy":"category","embeddable":true,"href":"https:\/\/jms.com.bo\/mediamonitor\/wp-json\/wp\/v2\/categories?post=15351"},{"taxonomy":"post_tag","embeddable":true,"href":"https:\/\/jms.com.bo\/mediamonitor\/wp-json\/wp\/v2\/tags?post=15351"}],"curies":[{"name":"wp","href":"https:\/\/api.w.org\/{rel}","templated":true}]}}