{"id":15356,"date":"2021-11-09T06:39:18","date_gmt":"2021-11-09T10:39:18","guid":{"rendered":"https:\/\/jms.com.bo\/mediamonitor\/2021\/11\/09\/calvo-nos-estamos-jugando-la-ultima-carta-para-vivir-en-democracia-y-libertad\/"},"modified":"2021-11-09T06:39:18","modified_gmt":"2021-11-09T10:39:18","slug":"calvo-nos-estamos-jugando-la-ultima-carta-para-vivir-en-democracia-y-libertad","status":"publish","type":"post","link":"https:\/\/jms.com.bo\/mediamonitor\/2021\/11\/09\/calvo-nos-estamos-jugando-la-ultima-carta-para-vivir-en-democracia-y-libertad\/","title":{"rendered":"Calvo: Nos estamos jugando la \u00faltima carta para vivir en democracia y libertad"},"content":{"rendered":"<p style=\"text-align: justify;\">Tras cumplirse el primer d\u00eda del paro nacional indefinido, el presidente del Comit\u00e9 pro Santa Cruz, R\u00f3mulo Calvo, confirm\u00f3 el inicio del segundo d\u00eda de protesta parta exigir la abrogaci\u00f3n de la Ley 1386 y advirti\u00f3 que los bolivianos se juegan la \u201c\u00faltima carta\u201d para vivir en democracia y libertad. Hizo un llamado a la Polic\u00eda Boliviana y a las Fuerzas Armadas para que no repriman a la ciudadan\u00eda.<\/p>\n<p style=\"text-align: justify;\">Durante la noche de este lunes, Calvo ofreci\u00f3 una conferencia de prensa junto a representantes de otros sectores que participaron del paro indefinido con bloqueo de caminos, movilizaci\u00f3n que se cumpli\u00f3 con acciones de violencia en Santa Cruz y Potos\u00ed, principalmente.<\/p>\n<p style=\"text-align: justify;\">\u201cHoy d\u00eda hemos tenido el gran respaldo del pueblo, de los sectores, hemos estado en diferentes zonas de Santa Cruz, donde el pueblo nos exige a todos que continuemos; nos estamos jugando la \u00faltima carta de vivir en democracia y libertad, para dar un futuro diferente a nuestros hijos, nos ha tocado a esta generaci\u00f3n defender el futuro de una Bolivia digna, incluyente y grande\u201d, sostuvo Calvo.<\/p>\n<p style=\"text-align: justify;\">El dirigente c\u00edvico se\u00f1al\u00f3 que el pueblo boliviano no puede permitir que \u201cestos mandados de otras naciones con otros proyectos sigan gobernando en contra del pueblo\u201d.<\/p>\n<p style=\"text-align: justify;\">El paro indefinido fue convocado la semana pasada por el sector gremial del pa\u00eds, para exigir la abrogaci\u00f3n de la Ley 1386 de Estrategia Nacional Contra la Legitimaci\u00f3n de Ganancias Il\u00edcitas, por considerar que atenta en contra de derechos y garant\u00edas de la ciudadan\u00eda reconocidas en la Constituci\u00f3n Pol\u00edtica del Estado.<\/p>\n<p style=\"text-align: justify;\">Calvo tambi\u00e9n hizo un llamado al comandante de la Polic\u00eda Boliviana, Jhonny Aguilera, y a sus efectivos para que repriman a los ciudadanos que bloquean. Le dijo a Aguilera que no le debe nada a un partido, debido a que sigui\u00f3 una carrera profesional. Advirti\u00f3 que si contin\u00faa con la actitud de esta jornada, de intervenir bloqueos, pedir\u00e1 su renuncia.<\/p>\n<p style=\"text-align: justify;\">Para este martes convoc\u00f3 a los cruce\u00f1os a dirigirse al Comando Departamental de la Polic\u00eda de Santa Cruz, para orar con el fin de ablandar los corazones de los efectivos.<\/p>\n<p style=\"text-align: justify;\">Tambi\u00e9n hizo un llamado a los militares, para que no salgan a reprimir a la poblaci\u00f3n. \u201cUstedes juraron defender la patria, no un partido\u201d, les dijo. \u201cMaldito el militar que empu\u00f1a su arma contra su pueblo\u201d, acot\u00f3 el l\u00edder c\u00edvico cruce\u00f1o.<\/p>\n<p style=\"text-align: justify;\">Adem\u00e1s, se\u00f1al\u00f3 que fue un enga\u00f1o que militares, durante la semana pasada, hayan llegado a Santa Cruz, con material b\u00e9lico para un desfile por el aniversario del Ej\u00e9rcito de Bolivia.<\/p>\n","protected":false},"excerpt":{"rendered":"<p>Tras cumplirse el primer d\u00eda del paro nacional indefinido, el presidente del Comit\u00e9 pro Santa Cruz, R\u00f3mulo Calvo, confirm\u00f3 el inicio del segundo d\u00eda de protesta parta exigir la abrogaci\u00f3n de la Ley 1386 y advirti\u00f3 que los bolivianos se juegan la \u201c\u00faltima carta\u201d para vivir en democracia y libertad. Hizo un llamado a la [&hellip;]<\/p>\n","protected":false},"author":4,"featured_media":15357,"comment_status":"open","ping_status":"open","sticky":false,"template":"","format":"standard","meta":{"footnotes":""},"categories":[18],"tags":[],"class_list":{"0":"post-15356","1":"post","2":"type-post","3":"status-publish","4":"format-standard","5":"has-post-thumbnail","7":"category-politica"},"_links":{"self":[{"href":"https:\/\/jms.com.bo\/mediamonitor\/wp-json\/wp\/v2\/posts\/15356","targetHints":{"allow":["GET"]}}],"collection":[{"href":"https:\/\/jms.com.bo\/mediamonitor\/wp-json\/wp\/v2\/posts"}],"about":[{"href":"https:\/\/jms.com.bo\/mediamonitor\/wp-json\/wp\/v2\/types\/post"}],"author":[{"embeddable":true,"href":"https:\/\/jms.com.bo\/mediamonitor\/wp-json\/wp\/v2\/users\/4"}],"replies":[{"embeddable":true,"href":"https:\/\/jms.com.bo\/mediamonitor\/wp-json\/wp\/v2\/comments?post=15356"}],"version-history":[{"count":0,"href":"https:\/\/jms.com.bo\/mediamonitor\/wp-json\/wp\/v2\/posts\/15356\/revisions"}],"wp:featuredmedia":[{"embeddable":true,"href":"https:\/\/jms.com.bo\/mediamonitor\/wp-json\/wp\/v2\/media\/15357"}],"wp:attachment":[{"href":"https:\/\/jms.com.bo\/mediamonitor\/wp-json\/wp\/v2\/media?parent=15356"}],"wp:term":[{"taxonomy":"category","embeddable":true,"href":"https:\/\/jms.com.bo\/mediamonitor\/wp-json\/wp\/v2\/categories?post=15356"},{"taxonomy":"post_tag","embeddable":true,"href":"https:\/\/jms.com.bo\/mediamonitor\/wp-json\/wp\/v2\/tags?post=15356"}],"curies":[{"name":"wp","href":"https:\/\/api.w.org\/{rel}","templated":true}]}}