{"id":15358,"date":"2021-11-09T06:40:36","date_gmt":"2021-11-09T10:40:36","guid":{"rendered":"https:\/\/jms.com.bo\/mediamonitor\/2021\/11\/09\/camacho-cuestiona-silencio-de-fernandez-el-alcalde-le-dice-que-no-tiene-alianza-con-creemos\/"},"modified":"2021-11-09T06:40:36","modified_gmt":"2021-11-09T10:40:36","slug":"camacho-cuestiona-silencio-de-fernandez-el-alcalde-le-dice-que-no-tiene-alianza-con-creemos","status":"publish","type":"post","link":"https:\/\/jms.com.bo\/mediamonitor\/2021\/11\/09\/camacho-cuestiona-silencio-de-fernandez-el-alcalde-le-dice-que-no-tiene-alianza-con-creemos\/","title":{"rendered":"Camacho cuestiona silencio de Fern\u00e1ndez, el alcalde le dice que no tiene alianza con Creemos"},"content":{"rendered":"<p style=\"text-align: justify;\">Luego que el gobernador de Santa Cruz, Luis Fernando Camacho, lo cuestionara por su silencio frente al paro indefinido de gremiales y c\u00edvicos, el alcalde de la ciudad de Santa Cruz de la Sierra, Jhonny Fern\u00e1ndez, le respondi\u00f3 que no tiene alianzas ni con el Movimiento Al Socialismo (MAS) ni con Creemos.<\/p>\n<p style=\"text-align: justify;\">\u201cSi tiene algunas dudas est\u00e1 equivocado. Estamos firmes apoyando al paro (\u2026) No tengo alianza con el MAS, ni con Creemos, ni con nadie porque no estamos en esa etapa\u201d, sostuvo Fern\u00e1ndez en el programa No Mentiras de la Red PAT.<\/p>\n<p style=\"text-align: justify;\">Adem\u00e1s, sostuvo: \u201cSi hay algunos grup\u00edculos que est\u00e1n pensando que con sus memes, usando sus redes van a querer desprestigiarme est\u00e1n equivocados\u201d.<\/p>\n<p style=\"text-align: justify;\">\u201cNo s\u00e9 si est\u00e1 vendido, que responda \u00e9l\u201d, insisti\u00f3 Camacho. \u201cQue diga si sus cuatro diputados que se vendieron al MAS se le desmarcaron de \u00e9l o actuaron bajo sus \u00f3rdenes\u201d, desafi\u00f3.<\/p>\n<p style=\"text-align: justify;\">\u201cLo que me preocupa es que el Alcalde no est\u00e9 saliendo a defender los principios fundamentales de sectores tan importantes que est\u00e1n en su entorno como los gremiales, los transportistas y sobre todo el pueblo que lo eligi\u00f3. Eso s\u00ed, le pido al alcalde que salga a estar con su pueblo, que le demuestre al pueblo que no votaron en vano\u201d, demand\u00f3.<\/p>\n","protected":false},"excerpt":{"rendered":"<p>Luego que el gobernador de Santa Cruz, Luis Fernando Camacho, lo cuestionara por su silencio frente al paro indefinido de gremiales y c\u00edvicos, el alcalde de la ciudad de Santa Cruz de la Sierra, Jhonny Fern\u00e1ndez, le respondi\u00f3 que no tiene alianzas ni con el Movimiento Al Socialismo (MAS) ni con Creemos. \u201cSi tiene algunas [&hellip;]<\/p>\n","protected":false},"author":4,"featured_media":15359,"comment_status":"open","ping_status":"open","sticky":false,"template":"","format":"standard","meta":{"footnotes":""},"categories":[18],"tags":[],"class_list":{"0":"post-15358","1":"post","2":"type-post","3":"status-publish","4":"format-standard","5":"has-post-thumbnail","7":"category-politica"},"_links":{"self":[{"href":"https:\/\/jms.com.bo\/mediamonitor\/wp-json\/wp\/v2\/posts\/15358","targetHints":{"allow":["GET"]}}],"collection":[{"href":"https:\/\/jms.com.bo\/mediamonitor\/wp-json\/wp\/v2\/posts"}],"about":[{"href":"https:\/\/jms.com.bo\/mediamonitor\/wp-json\/wp\/v2\/types\/post"}],"author":[{"embeddable":true,"href":"https:\/\/jms.com.bo\/mediamonitor\/wp-json\/wp\/v2\/users\/4"}],"replies":[{"embeddable":true,"href":"https:\/\/jms.com.bo\/mediamonitor\/wp-json\/wp\/v2\/comments?post=15358"}],"version-history":[{"count":0,"href":"https:\/\/jms.com.bo\/mediamonitor\/wp-json\/wp\/v2\/posts\/15358\/revisions"}],"wp:featuredmedia":[{"embeddable":true,"href":"https:\/\/jms.com.bo\/mediamonitor\/wp-json\/wp\/v2\/media\/15359"}],"wp:attachment":[{"href":"https:\/\/jms.com.bo\/mediamonitor\/wp-json\/wp\/v2\/media?parent=15358"}],"wp:term":[{"taxonomy":"category","embeddable":true,"href":"https:\/\/jms.com.bo\/mediamonitor\/wp-json\/wp\/v2\/categories?post=15358"},{"taxonomy":"post_tag","embeddable":true,"href":"https:\/\/jms.com.bo\/mediamonitor\/wp-json\/wp\/v2\/tags?post=15358"}],"curies":[{"name":"wp","href":"https:\/\/api.w.org\/{rel}","templated":true}]}}