{"id":15360,"date":"2021-11-09T06:43:38","date_gmt":"2021-11-09T10:43:38","guid":{"rendered":"https:\/\/jms.com.bo\/mediamonitor\/2021\/11\/09\/arce-destaca-logros-con-la-salud-y-repitio-gobierno-de-facto-51-veces\/"},"modified":"2021-11-09T06:43:38","modified_gmt":"2021-11-09T10:43:38","slug":"arce-destaca-logros-con-la-salud-y-repitio-gobierno-de-facto-51-veces","status":"publish","type":"post","link":"https:\/\/jms.com.bo\/mediamonitor\/2021\/11\/09\/arce-destaca-logros-con-la-salud-y-repitio-gobierno-de-facto-51-veces\/","title":{"rendered":"Arce destaca logros con la salud y repiti\u00f3 \u201cgobierno de facto\u201d 51 veces"},"content":{"rendered":"<p style=\"text-align: justify;\">El presidente Luis Arce dio un discurso informe de su primer a\u00f1o de gesti\u00f3n que dur\u00f3 dos horas y 20 minutos. Resalt\u00f3 su mayor logro, la vacunaci\u00f3n contra el Covid-19. Repiti\u00f3 51 veces \u201cgobierno de facto\u201d y 16 \u201cderecha golpista\u201d, lo que junto a la actitud hostil de oficialistas y opositores gener\u00f3 que la Asamblea Legislativa se convierta en un campo de batalla, porque no faltaron golpes y empujones. Tambi\u00e9n, ese amplio espacio inaugurado este a\u00f1o, se transform\u00f3 en algo parecido a un estadio de f\u00fatbol, porque fue escenario de un choque de barras bravas que no pararon de insultarse, incluso sin respeto a que en la testera estaba nada menos que el presidente de los bolivianos.<\/p>\n<p style=\"text-align: justify;\">En el informe lo central fue la salud. Destac\u00f3 que en el a\u00f1o de gesti\u00f3n se han colocado 7,9 millones de dosis, entre primeras, segundas, terceras y \u00fanicas dosis. A noviembre de 2021, 54,4% de la poblaci\u00f3n mayor de 18 a\u00f1os cuenta con el esquema completo de vacunaci\u00f3n contra el Covid-19\u201d.<\/p>\n<p style=\"text-align: justify;\">En hidrocarburos resalt\u00f3 que la producci\u00f3n de gas natural en la gesti\u00f3n 2020 fue de 43,5 millones de metros c\u00fabicos d\u00eda (MMmcd), en cambio en la gesti\u00f3n 2021 subi\u00f3 a 45,4 MMmcd, es decir se increment\u00f3 en un 4,4%. La producci\u00f3n de hidrocarburos l\u00edquidos pas\u00f3 de 41,6 miles de barriles d\u00eda a 42,9 miles de barriles d\u00eda, lo que representa un crecimiento de 3,1%\u201d.<\/p>\n<p style=\"text-align: justify;\">Asegur\u00f3 que cumpli\u00f3 con el compromiso de generar estabilidad, \u201cvolver de la senda del crecimiento econ\u00f3mico con justicia social, avanzar en la industrializaci\u00f3n por sustituci\u00f3n de importaciones, mejorar la calidad educativa y no claudicar en el camino de la memoria, la verdad y la justicia\u201d.<\/p>\n<p style=\"text-align: justify;\">Anunci\u00f3, por otra parte, el pago del Bono Juancito Pinto a partir del 11 de noviembre para los estudiantes de las tres modalidades: presencial, semipresencial y a distancia. Arce llam\u00f3 \u201ca ratificar su confianza en nuestro proceso de cambio, rectificando lo que tenga que ser rectificado y profundizando todo lo bien que hemos hecho\u201d, admiti\u00f3 que hubo errores y prometi\u00f3 que ser\u00e1n enmendados con humildad.<\/p>\n<p style=\"text-align: justify;\">El discurso fue en medio de mucha tensi\u00f3n. El MAS jug\u00f3 de local y lo hizo valer. Su mayor\u00eda en la Asamblea fue reforzada por los gritos de un grupo de dirigentes afines del Pacto de Unidad, que fueron ubicados en el centro de un palco en el piso 20, y que a cada intento de la oposici\u00f3n de arengar que lo ocurrido en 2019 fue fraude y no golpe, respond\u00edan con \u201cLucho, no est\u00e1s solo\u201d, \u201cgolpistas\u201d, \u201csomos mayor\u00eda carajo\u201d o cualquier otra frase agresiva.<\/p>\n<p style=\"text-align: justify;\">El mandatario, ante la bulla, trataba de hablar lo m\u00e1s fuerte que pod\u00eda y para recuperar algo de fuerzas, tuvo que tomarse litros de agua, que el personal de servicio le provisionaba cada vez que terminaba un vaso.<\/p>\n<p style=\"text-align: justify;\">Los primeros minutos fueron los peores. Los opositores jugaron de visitante, pero se dieron modos para hacerse escuchar. Sab\u00edan que iban a ser menos, as\u00ed que optaron por utilizar silbatos. Con esa bulla la voz del presidente apenas se escuchaba, as\u00ed que el equipo t\u00e9cnico del Poder Legislativo tuvo que instalar en la testera donde hablaba el presidente otros dos micr\u00f3fonos para amplificar su voz.<\/p>\n<p style=\"text-align: justify;\">El mandatario, al referirse a la gesti\u00f3n de Jeanine \u00c1\u00f1ez, pronunci\u00f3 exactamente 51 veces la frase \u201cgobierno de facto\u201d, y otras 16 veces la aludi\u00f3 como la derecha golpista o incapaz.<\/p>\n<p style=\"text-align: justify;\">\u201cLuego del golpe de Estado que coloc\u00f3 a un gobierno inconstitucional e ileg\u00edtimo, empezamos a salir de la crisis pol\u00edtica gracias a la unidad, a la lucha y a la conciencia, que en octubre de 2020 dio un apoyo de 55,1%. Una victoria que devolvi\u00f3 a la patria la democracia\u201d.<\/p>\n<p style=\"text-align: justify;\">Asegur\u00f3 que no hubiera sido posible sin el bloqueo y las protestas de la Central Obrera Boliviana (COB) en agosto del a\u00f1o pasado. \u201cSi no pasaba, el gobierno de facto hubiera utilizado la pandemia para seguir vulnerando derechos\u201d.<\/p>\n<p style=\"text-align: justify;\">Los contrincantes llegaron a las manos y nadie lo evit\u00f3. El vicepresidente David Choquehuanca no hizo absolutamente nada para tomar el control de la situaci\u00f3n. Dej\u00f3 que Luis Arce habl\u00e9 en medio de gritos, silbatos y golpes, sin pedir compostura ni una sola vez. No falt\u00f3 quien en tono de broma se\u00f1al\u00f3 que le hab\u00eda cedido su micr\u00f3fono para que Arce pueda ser escuchado.<\/p>\n<p style=\"text-align: justify;\">El diputado H\u00e9ctor Arce (MAS) denunci\u00f3 que Tatiana \u00c1\u00f1ez, su colega de la alianza opositora Creemos, intent\u00f3 estrangularlo. Seg\u00fan \u00e9l, la opositora trat\u00f3 de llegar a la testera donde estaba el presidente y \u00e9l intent\u00f3 detenerla poni\u00e9ndose al frente en uno de los corredores que separan las curules donde sesionan los legisladores.<\/p>\n<p style=\"text-align: justify;\">Mostrando una herida en el rostro, el asamble\u00edsta hizo la denuncia. \u201cEsto es un delito. Jam\u00e1s en mi vida, alguien me hab\u00eda ara\u00f1ado en la cara. Va a tener que responder por sus actos. Son abusivos, agresivos y violentos\u201d, subray\u00f3.<\/p>\n<p style=\"text-align: justify;\">Tras la sesi\u00f3n, llev\u00f3 la denuncia a la Fiscal\u00eda y se aperson\u00f3 al Instituto de Investigaciones Forenses (IDIF) para formalizar la denuncia contra la legisladora opositora.<\/p>\n<p style=\"text-align: justify;\">Ella respondi\u00f3. \u201cEse poco hombre me agarr\u00f3 del brazo y me daba pu\u00f1etes en el est\u00f3mago. Que no sea \u2018mujerengue\u2019. Qu\u00e9 pena que en su casa no haya aprendido a respetar a una mujer. Cobarde, poco hombre\u201d escribi\u00f3 la diputada en sus redes sociales.<\/p>\n<p style=\"text-align: justify;\">El expresidente Eduardo Rodr\u00edguez Veltz\u00e9 lament\u00f3 que \u201cbasta haber concurrido a esta sesi\u00f3n para ver que nuestros representantes no pueden tolerarse entre ellos. Esto tiene que cambiar y dar una se\u00f1al al pa\u00eds de que la pol\u00edtica debe ser amplia y plural, como lo manda la Constituci\u00f3n Pol\u00edtica del Estado\u201d.<\/p>\n<p style=\"text-align: justify;\">La exautoridad y exembajador, cuando le preguntaron de los silbatos utilizados por la oposici\u00f3n respondi\u00f3: \u201cYo creo que todos nos hemos perjudicado. No hubo un ambiente propicio\u201d.<\/p>\n<p style=\"text-align: justify;\">Subray\u00f3: \u201ctenemos que aprender a respetarnos entre bolivianos y no podemos dar este espect\u00e1culo casi circense, donde abundan los pitos, las marchas y los carteles, eso no es propio de una Asamblea Legislativa de un pa\u00eds como el nuestro\u201d, manifest\u00f3.<\/p>\n<p style=\"text-align: justify;\">El embajador de Argentina en Bolivia, Ariel Basteiro, se\u00f1al\u00f3 que el informe del presidente destac\u00f3 los logros que tuvo el Gobierno de Arce, tras recuperar la democracia. \u201cSi dijo m\u00e1s de 50 veces que el de Jeanine \u00c1\u00f1ez fue un gobierno golpista y de facto definitivamente es porque lo fue. No est\u00e1 mal llamarlo as\u00ed\u201d.<\/p>\n","protected":false},"excerpt":{"rendered":"<p>El presidente Luis Arce dio un discurso informe de su primer a\u00f1o de gesti\u00f3n que dur\u00f3 dos horas y 20 minutos. Resalt\u00f3 su mayor logro, la vacunaci\u00f3n contra el Covid-19. Repiti\u00f3 51 veces \u201cgobierno de facto\u201d y 16 \u201cderecha golpista\u201d, lo que junto a la actitud hostil de oficialistas y opositores gener\u00f3 que la Asamblea [&hellip;]<\/p>\n","protected":false},"author":4,"featured_media":15361,"comment_status":"open","ping_status":"open","sticky":false,"template":"","format":"standard","meta":{"footnotes":""},"categories":[18,48,46],"tags":[],"class_list":{"0":"post-15360","1":"post","2":"type-post","3":"status-publish","4":"format-standard","5":"has-post-thumbnail","7":"category-politica","8":"category-portada-general-sitio","9":"category-portada-politica"},"_links":{"self":[{"href":"https:\/\/jms.com.bo\/mediamonitor\/wp-json\/wp\/v2\/posts\/15360","targetHints":{"allow":["GET"]}}],"collection":[{"href":"https:\/\/jms.com.bo\/mediamonitor\/wp-json\/wp\/v2\/posts"}],"about":[{"href":"https:\/\/jms.com.bo\/mediamonitor\/wp-json\/wp\/v2\/types\/post"}],"author":[{"embeddable":true,"href":"https:\/\/jms.com.bo\/mediamonitor\/wp-json\/wp\/v2\/users\/4"}],"replies":[{"embeddable":true,"href":"https:\/\/jms.com.bo\/mediamonitor\/wp-json\/wp\/v2\/comments?post=15360"}],"version-history":[{"count":0,"href":"https:\/\/jms.com.bo\/mediamonitor\/wp-json\/wp\/v2\/posts\/15360\/revisions"}],"wp:featuredmedia":[{"embeddable":true,"href":"https:\/\/jms.com.bo\/mediamonitor\/wp-json\/wp\/v2\/media\/15361"}],"wp:attachment":[{"href":"https:\/\/jms.com.bo\/mediamonitor\/wp-json\/wp\/v2\/media?parent=15360"}],"wp:term":[{"taxonomy":"category","embeddable":true,"href":"https:\/\/jms.com.bo\/mediamonitor\/wp-json\/wp\/v2\/categories?post=15360"},{"taxonomy":"post_tag","embeddable":true,"href":"https:\/\/jms.com.bo\/mediamonitor\/wp-json\/wp\/v2\/tags?post=15360"}],"curies":[{"name":"wp","href":"https:\/\/api.w.org\/{rel}","templated":true}]}}