{"id":15364,"date":"2021-11-09T06:46:39","date_gmt":"2021-11-09T10:46:39","guid":{"rendered":"https:\/\/jms.com.bo\/mediamonitor\/2021\/11\/09\/crece-la-inflacion-y-la-oferta-no-se-recupera-con-la-misma-rapidez-que-la-demanda\/"},"modified":"2021-11-09T06:46:39","modified_gmt":"2021-11-09T10:46:39","slug":"crece-la-inflacion-y-la-oferta-no-se-recupera-con-la-misma-rapidez-que-la-demanda","status":"publish","type":"post","link":"https:\/\/jms.com.bo\/mediamonitor\/2021\/11\/09\/crece-la-inflacion-y-la-oferta-no-se-recupera-con-la-misma-rapidez-que-la-demanda\/","title":{"rendered":"Crece la inflaci\u00f3n y la oferta no se recupera con la misma rapidez que la demanda"},"content":{"rendered":"<p style=\"text-align: justify;\">Una inflaci\u00f3n mundial est\u00e1 latente como efecto de una pandemia que viene azotando desde hace casi dos a\u00f1os no solo a la salud sino tambi\u00e9n a la econom\u00eda de los pa\u00edses. Dentro de ese contexto, cabe preguntar: \u00bfeste fen\u00f3meno es transitorio o nos enfrentamos a un cambio con vocaci\u00f3n de permanencia? \u00bfCu\u00e1les son las principales consecuencias en Bolivia? Dos expertos responden a estas interrogantes y dan luces sobre el panorama global y nacional.<\/p>\n<p style=\"text-align: justify;\">Jaime Dunn, consultor internacional en econom\u00eda y finanzas, opina que la cabeza de la inflaci\u00f3n ha asomado por muchas econom\u00edas, especialmente las m\u00e1s desarrolladas, porque todo el esquema y la estrategia mundial para salir de la pandemia se ha basado en el est\u00edmulo de la demanda m\u00e1s que la oferta. Gracias a eso, explica, se puede percibir una especie de sobreest\u00edmulo de la demanda en algunos pa\u00edses; adem\u00e1s, ha habido un estrangulamiento de la cadena de provisi\u00f3n de materias primas y bienes a escala mundial.<\/p>\n<p style=\"text-align: justify;\">A esto se suma lo ocurrido en el sudeste asi\u00e1tico, donde todav\u00eda hay puertos que est\u00e1n trabajando a media m\u00e1quina por el efecto del covid-19. \u201cUn contenedor que antes llegaba en 40 d\u00edas desde el sudeste asi\u00e1tico hasta Estados Unidos hoy lo hace en 90, los precios de ese contenedor que eran de $us 3.000 est\u00e1n ahora en casi $us 19.000\u201d, ejemplifica Dunn.<\/p>\n<p style=\"text-align: justify;\">El analista se\u00f1ala que esta inflaci\u00f3n viene acompa\u00f1ada de una reactivaci\u00f3n econ\u00f3mica lenta y se est\u00e1 pareciendo al fen\u00f3meno conocido como estanflaci\u00f3n, cuando el aumento de la inflaci\u00f3n llega junto a una reactivaci\u00f3n econ\u00f3mica lenta y se caracteriza por un estancamiento econ\u00f3mico a la vez que persiste el alza de precios.<\/p>\n<p style=\"text-align: justify;\">Seg\u00fan Dunn, es muy probable que contin\u00fae la presi\u00f3n inflacionaria, aunque es dif\u00edcil saber si es algo pasajero o va a quedar constante en el tiempo. \u201cMuchos dicen que en 2022 se va a normalizar toda la oferta agregada a escala mundial, por lo tanto, las presiones inflacionarias deber\u00edan comenzar a bajar. Pero todav\u00eda no hay se\u00f1ales de que eso est\u00e9 sucediendo\u201d, comenta.<\/p>\n<p style=\"text-align: justify;\">En Bolivia<\/p>\n<p style=\"text-align: justify;\">El economista Jos\u00e9 Gabriel Espinoza asegura que Bolivia va a sufrir el incremento de precios porque tendr\u00e1 menos oferta de productos de consumo a fin de a\u00f1o. \u201cBolivia importa pr\u00e1cticamente el 90% de lo que consume. A esto hay que agregar esta emisi\u00f3n monetaria extraordinaria que est\u00e1 llevando adelante tanto el Banco Central como el propio Gobierno, que est\u00e1 endeud\u00e1ndose con compromisos de pago con las AFP y le deja al TGN la disponibilidad para seguir generando gasto corriente\u201d, asevera.<\/p>\n<p style=\"text-align: justify;\">Espinoza cuestiona al Gobierno por no haber modificado el sentido de sus pol\u00edticas econ\u00f3micas, a pesar de la pandemia y considera que sigue como si estuvi\u00e9ramos en 2014, hace siete a\u00f1os.<\/p>\n<p style=\"text-align: justify;\">\u201cNo est\u00e1 respondiendo a las nuevas necesidades. La econom\u00eda no se est\u00e1 recuperando a la velocidad que hubi\u00e9ramos querido, no estamos viendo medidas de cambio estructural de la econom\u00eda. Lo \u00f3ptimo hubiera sido que en 2022 se financie con recursos externos, lo que tiene como efecto colateral la llegada de divisas, pero lo claro es que el Gobierno apost\u00f3 por el mercado interno y esto genera una mayor disponibilidad de bolivianos, pero tambi\u00e9n de menos d\u00f3lares y esto, obviamente, pone en riesgo la estabilidad cambiaria\u201d, concluye Espinoza.<\/p>\n<p style=\"text-align: justify;\">\n","protected":false},"excerpt":{"rendered":"<p>Una inflaci\u00f3n mundial est\u00e1 latente como efecto de una pandemia que viene azotando desde hace casi dos a\u00f1os no solo a la salud sino tambi\u00e9n a la econom\u00eda de los pa\u00edses. Dentro de ese contexto, cabe preguntar: \u00bfeste fen\u00f3meno es transitorio o nos enfrentamos a un cambio con vocaci\u00f3n de permanencia? \u00bfCu\u00e1les son las principales [&hellip;]<\/p>\n","protected":false},"author":4,"featured_media":15365,"comment_status":"open","ping_status":"open","sticky":false,"template":"","format":"standard","meta":{"footnotes":""},"categories":[25],"tags":[],"class_list":{"0":"post-15364","1":"post","2":"type-post","3":"status-publish","4":"format-standard","5":"has-post-thumbnail","7":"category-economia"},"_links":{"self":[{"href":"https:\/\/jms.com.bo\/mediamonitor\/wp-json\/wp\/v2\/posts\/15364","targetHints":{"allow":["GET"]}}],"collection":[{"href":"https:\/\/jms.com.bo\/mediamonitor\/wp-json\/wp\/v2\/posts"}],"about":[{"href":"https:\/\/jms.com.bo\/mediamonitor\/wp-json\/wp\/v2\/types\/post"}],"author":[{"embeddable":true,"href":"https:\/\/jms.com.bo\/mediamonitor\/wp-json\/wp\/v2\/users\/4"}],"replies":[{"embeddable":true,"href":"https:\/\/jms.com.bo\/mediamonitor\/wp-json\/wp\/v2\/comments?post=15364"}],"version-history":[{"count":0,"href":"https:\/\/jms.com.bo\/mediamonitor\/wp-json\/wp\/v2\/posts\/15364\/revisions"}],"wp:featuredmedia":[{"embeddable":true,"href":"https:\/\/jms.com.bo\/mediamonitor\/wp-json\/wp\/v2\/media\/15365"}],"wp:attachment":[{"href":"https:\/\/jms.com.bo\/mediamonitor\/wp-json\/wp\/v2\/media?parent=15364"}],"wp:term":[{"taxonomy":"category","embeddable":true,"href":"https:\/\/jms.com.bo\/mediamonitor\/wp-json\/wp\/v2\/categories?post=15364"},{"taxonomy":"post_tag","embeddable":true,"href":"https:\/\/jms.com.bo\/mediamonitor\/wp-json\/wp\/v2\/tags?post=15364"}],"curies":[{"name":"wp","href":"https:\/\/api.w.org\/{rel}","templated":true}]}}