{"id":15372,"date":"2021-11-09T06:57:24","date_gmt":"2021-11-09T10:57:24","guid":{"rendered":"https:\/\/jms.com.bo\/mediamonitor\/2021\/11\/09\/viceministro-yacimientos-de-litio-bolivianos-espera-cerrar-el-ano-con-ventas-record\/"},"modified":"2021-11-09T06:57:24","modified_gmt":"2021-11-09T10:57:24","slug":"viceministro-yacimientos-de-litio-bolivianos-espera-cerrar-el-ano-con-ventas-record","status":"publish","type":"post","link":"https:\/\/jms.com.bo\/mediamonitor\/2021\/11\/09\/viceministro-yacimientos-de-litio-bolivianos-espera-cerrar-el-ano-con-ventas-record\/","title":{"rendered":"Viceministro: Yacimientos de Litio Bolivianos espera cerrar el a\u00f1o con ventas r\u00e9cord"},"content":{"rendered":"<p style=\"text-align: justify;\">El Viceministro de Altas Tecnolog\u00edas Energ\u00e9ticas, \u00c1lvaro Arnez, dijo que Yacimientos de Litio Bolivianos (YLB) espera cerrar el a\u00f1o con ventas r\u00e9cord de productos como cloruro de potasio y carbonato de litio.<\/p>\n<p style=\"text-align: justify;\">La autoridad, entrevistada en el programa \u201cPrimer Plano\u201d, de Bolivia Tv, indic\u00f3 que el mundo requiere litio, especialmente por el aumento de la industria de los veh\u00edculos el\u00e9ctricos.<\/p>\n<p style=\"text-align: justify;\">Por ello dijo que \u201cBolivia ya no puede soportar un atraso m\u00e1s en el tema litio, el siguiente a\u00f1o si o si se tiene que empezar con las plantas industriales\u201d.<\/p>\n<p style=\"text-align: justify;\">Respecto a los precios, indic\u00f3 que \u201ctodos los productos que produce YLB, exponencialmente se ha tratado de incrementar, en tema ventas, por ejemplo, carbonato de litio ha sido el r\u00e9cord tambi\u00e9n este a\u00f1o. Estamos intentando cerrar tambi\u00e9n con cloruro de potasio, fertilizantes con ventas r\u00e9cord. Entre ambas inclusive superando los 128 millones de bolivianos\u201d.<\/p>\n<p style=\"text-align: justify;\">A\u00f1adi\u00f3 que tambi\u00e9n se tienen cifras positivas en cuanto a carbonato de litio.<\/p>\n<p style=\"text-align: justify;\">\u201cLo hist\u00f3rico ha sido el precio que hemos alcanzado con carbonato de litio que estamos llegando a cerca de 22 mil d\u00f3lares la tonelada y es por eso que creemos que inclusive vamos a superar al cierre a finales de diciembre\u201d, manifest\u00f3.<\/p>\n","protected":false},"excerpt":{"rendered":"<p>El Viceministro de Altas Tecnolog\u00edas Energ\u00e9ticas, \u00c1lvaro Arnez, dijo que Yacimientos de Litio Bolivianos (YLB) espera cerrar el a\u00f1o con ventas r\u00e9cord de productos como cloruro de potasio y carbonato de litio. La autoridad, entrevistada en el programa \u201cPrimer Plano\u201d, de Bolivia Tv, indic\u00f3 que el mundo requiere litio, especialmente por el aumento de la [&hellip;]<\/p>\n","protected":false},"author":4,"featured_media":6156,"comment_status":"open","ping_status":"open","sticky":false,"template":"","format":"standard","meta":{"footnotes":""},"categories":[39,44,48],"tags":[],"class_list":{"0":"post-15372","1":"post","2":"type-post","3":"status-publish","4":"format-standard","5":"has-post-thumbnail","7":"category-energia","8":"category-portada-energia","9":"category-portada-general-sitio"},"_links":{"self":[{"href":"https:\/\/jms.com.bo\/mediamonitor\/wp-json\/wp\/v2\/posts\/15372","targetHints":{"allow":["GET"]}}],"collection":[{"href":"https:\/\/jms.com.bo\/mediamonitor\/wp-json\/wp\/v2\/posts"}],"about":[{"href":"https:\/\/jms.com.bo\/mediamonitor\/wp-json\/wp\/v2\/types\/post"}],"author":[{"embeddable":true,"href":"https:\/\/jms.com.bo\/mediamonitor\/wp-json\/wp\/v2\/users\/4"}],"replies":[{"embeddable":true,"href":"https:\/\/jms.com.bo\/mediamonitor\/wp-json\/wp\/v2\/comments?post=15372"}],"version-history":[{"count":0,"href":"https:\/\/jms.com.bo\/mediamonitor\/wp-json\/wp\/v2\/posts\/15372\/revisions"}],"wp:featuredmedia":[{"embeddable":true,"href":"https:\/\/jms.com.bo\/mediamonitor\/wp-json\/wp\/v2\/media\/6156"}],"wp:attachment":[{"href":"https:\/\/jms.com.bo\/mediamonitor\/wp-json\/wp\/v2\/media?parent=15372"}],"wp:term":[{"taxonomy":"category","embeddable":true,"href":"https:\/\/jms.com.bo\/mediamonitor\/wp-json\/wp\/v2\/categories?post=15372"},{"taxonomy":"post_tag","embeddable":true,"href":"https:\/\/jms.com.bo\/mediamonitor\/wp-json\/wp\/v2\/tags?post=15372"}],"curies":[{"name":"wp","href":"https:\/\/api.w.org\/{rel}","templated":true}]}}