{"id":1548,"date":"2021-01-21T03:06:48","date_gmt":"2021-01-21T07:06:48","guid":{"rendered":"http:\/\/jms.com.bo\/mediamonitor\/?p=1548"},"modified":"2021-01-21T03:06:48","modified_gmt":"2021-01-21T07:06:48","slug":"presidente-luis-arce-asistira-al-velorio-del-mallku","status":"publish","type":"post","link":"https:\/\/jms.com.bo\/mediamonitor\/2021\/01\/21\/presidente-luis-arce-asistira-al-velorio-del-mallku\/","title":{"rendered":"Presidente Luis Arce asistir\u00e1 al velorio del Mallku"},"content":{"rendered":"<p style=\"text-align: justify;\">La ministra de la Presidencia, Mar\u00eda Nela Prada, inform\u00f3 que el presidente, Luis Arce Catacora, asistir\u00e1 en las siguientes horas al velorio del l\u00edder ind\u00edgena, Felipe Quispe Huanca, \u201cel Mallku\u201d y coordinar\u00e1n con la familia una posible asistencia al sepelio del fallecido dirigente pol\u00edtico.<\/p>\n<p style=\"text-align: justify;\">\u201cS\u00ed, est\u00e1 confirmado, el presidente va a asistir en las pr\u00f3ximas horas\u201d, dijo escuetamente Prada cuando le consultaron si Arce Catacora asistir\u00eda a este acto.<\/p>\n<p style=\"text-align: justify;\">El Primer Mandatario public\u00f3 anoche, luego de conocerse el fallecimiento del l\u00edder ind\u00edgena, un mensaje de solidaridad en su cuenta Twitter y luego no hizo referencia alguna. Pero en la tarde, cuando Prada fue consultada, confirm\u00f3 la presencia de Arce en el velatorio.<\/p>\n<p style=\"text-align: justify;\">En medio de una fuerte custodia policial, fuera del local, \u201cFelicidad\u201d, el Vicepresidente Choquehuanca abandon\u00f3 la funeraria, mientras empieza a crecer el pedido de los exparlamentarios para que el Mallku sea velado en los predios de la Asamblea Legislativa en su calidad de exdiputado. Felipe Quispe accedi\u00f3 a un curul legislativo en 2002 por el Movimiento Ind\u00edgena Pachacuti (MIP) desde donde entabl\u00f3 la pelea contra el gobierno de Gonzalo S\u00e1nchez de Lozada.<\/p>\n<p style=\"text-align: justify;\">Defensor<\/p>\n<p style=\"text-align: justify;\">Esos hechos precisamente fueron recordados por el vicepresidente David Choquehuanca, quien dijo que el Mallku nunca descart\u00f3 ninguna forma de lucha y desde donde estaba combati\u00f3 por sus ideales.<\/p>\n<p style=\"text-align: justify;\">\u201cNuestro hermano Felipe ha defendido nuestros recursos naturales, nuestra soberan\u00eda, nuestro hogar, ha sido parte de la construcci\u00f3n de la agenda de octubre, ha defendido el agua para nuestros pueblos y luego lo han apresado, no ha descartado ninguna forma de lucha y eso le ha costado\u201d, dijo a los periodistas.<\/p>\n<p style=\"text-align: justify;\">Asegur\u00f3 que el recuerdo de los pasos pol\u00edticos del Mallku no solo ser\u00e1n reconocidos en el mundo ind\u00edgena sino en otras regiones, incluso fuera del pa\u00eds. \u201cFelipe estar\u00e1 con nuestros achachilas, as\u00ed como dec\u00edan los yatiris que han venido a despedirse, han dicho que ir\u00e1 al Wi\u00f1ay Marka, que significa pueblo eterno y nuestro hermano es un l\u00edder del pueblo eterno\u201d.<\/p>\n","protected":false},"excerpt":{"rendered":"<p>La ministra de la Presidencia, Mar\u00eda Nela Prada, inform\u00f3 que el presidente, Luis Arce Catacora, asistir\u00e1 en las siguientes horas al velorio del l\u00edder ind\u00edgena, Felipe Quispe Huanca, \u201cel Mallku\u201d y coordinar\u00e1n con la familia una posible asistencia al sepelio del fallecido dirigente pol\u00edtico. \u201cS\u00ed, est\u00e1 confirmado, el presidente va a asistir en las pr\u00f3ximas [&hellip;]<\/p>\n","protected":false},"author":4,"featured_media":1549,"comment_status":"open","ping_status":"open","sticky":false,"template":"","format":"standard","meta":{"footnotes":""},"categories":[18],"tags":[],"class_list":{"0":"post-1548","1":"post","2":"type-post","3":"status-publish","4":"format-standard","5":"has-post-thumbnail","7":"category-politica"},"_links":{"self":[{"href":"https:\/\/jms.com.bo\/mediamonitor\/wp-json\/wp\/v2\/posts\/1548","targetHints":{"allow":["GET"]}}],"collection":[{"href":"https:\/\/jms.com.bo\/mediamonitor\/wp-json\/wp\/v2\/posts"}],"about":[{"href":"https:\/\/jms.com.bo\/mediamonitor\/wp-json\/wp\/v2\/types\/post"}],"author":[{"embeddable":true,"href":"https:\/\/jms.com.bo\/mediamonitor\/wp-json\/wp\/v2\/users\/4"}],"replies":[{"embeddable":true,"href":"https:\/\/jms.com.bo\/mediamonitor\/wp-json\/wp\/v2\/comments?post=1548"}],"version-history":[{"count":1,"href":"https:\/\/jms.com.bo\/mediamonitor\/wp-json\/wp\/v2\/posts\/1548\/revisions"}],"predecessor-version":[{"id":1550,"href":"https:\/\/jms.com.bo\/mediamonitor\/wp-json\/wp\/v2\/posts\/1548\/revisions\/1550"}],"wp:featuredmedia":[{"embeddable":true,"href":"https:\/\/jms.com.bo\/mediamonitor\/wp-json\/wp\/v2\/media\/1549"}],"wp:attachment":[{"href":"https:\/\/jms.com.bo\/mediamonitor\/wp-json\/wp\/v2\/media?parent=1548"}],"wp:term":[{"taxonomy":"category","embeddable":true,"href":"https:\/\/jms.com.bo\/mediamonitor\/wp-json\/wp\/v2\/categories?post=1548"},{"taxonomy":"post_tag","embeddable":true,"href":"https:\/\/jms.com.bo\/mediamonitor\/wp-json\/wp\/v2\/tags?post=1548"}],"curies":[{"name":"wp","href":"https:\/\/api.w.org\/{rel}","templated":true}]}}