{"id":1551,"date":"2021-01-21T03:09:00","date_gmt":"2021-01-21T07:09:00","guid":{"rendered":"http:\/\/jms.com.bo\/mediamonitor\/?p=1551"},"modified":"2021-01-21T03:09:00","modified_gmt":"2021-01-21T07:09:00","slug":"el-tse-rechaza-solicitud-de-barral-y-ratifica-elecciones-subnacionales-para-el-7-de-marzo","status":"publish","type":"post","link":"https:\/\/jms.com.bo\/mediamonitor\/2021\/01\/21\/el-tse-rechaza-solicitud-de-barral-y-ratifica-elecciones-subnacionales-para-el-7-de-marzo\/","title":{"rendered":"El TSE rechaza solicitud de Barral y ratifica elecciones subnacionales para el 7 de marzo"},"content":{"rendered":"<p style=\"margin-top: 0cm; line-height: 16.85pt; background: white; text-align: justify;\"><span style=\"font-family: 'Helvetica','sans-serif'; color: #151515;\">En respuesta al candidato a la alcald\u00eda de La Paz por Pan-Bol, Amilcar Barral, el Tribunal Supremo Electoral (TSE) descart\u00f3 nuevamente el aplazamiento de la fecha de las elecciones subnacionales del 7 de marzo y comprometi\u00f3 que \u00e9stas se realizar\u00e1n en el marco de las medidas de bioseguridad que recomiende la Organizaci\u00f3n Panamericana de la Salud (OPS) frente al COVID-19.<\/span><\/p>\n<p style=\"margin-top: 0cm; line-height: 16.85pt; background: white; text-align: justify;\"><span style=\"font-family: 'Helvetica','sans-serif'; color: #151515;\">El calendario electoral est\u00e1 en marcha. \u201cLos tiempos del proceso electoral han quedado establecidos en la Ley 1269 de 23 de diciembre de 2019 que dispuso que la convocatoria a los comicios se realice en un lapso no mayor a 48 horas despu\u00e9s de la posesi\u00f3n del Presidente y determin\u00f3 un plazo de 120 d\u00edas entre la convocatoria y la realizaci\u00f3n de la jornada de votaci\u00f3n\u201d, aclar\u00f3 el ente electoral en respuesta a Barral.<\/span><\/p>\n<p style=\"margin-top: 0cm; line-height: 16.85pt; background: white; text-align: justify;\"><span style=\"font-family: 'Helvetica','sans-serif'; color: #151515;\">Tambi\u00e9n aclar\u00f3 que para el \u00d3rgano Electoral la salud p\u00fablica constituye una prioridad, como se demostr\u00f3 en la elecci\u00f3n general del 18 de octubre de 2020, \u201ccuando aprob\u00f3 protocolos y adopt\u00f3 m\u00faltiples disposiciones que permitieron simult\u00e1neamente el ejercicio de los derechos pol\u00edticos y la protecci\u00f3n de la salud de la poblaci\u00f3n en t\u00e9rminos muy satisfactorios\u201d.<\/span><\/p>\n<p style=\"margin-top: 0cm; line-height: 16.85pt; background: white; text-align: justify;\"><span style=\"font-family: 'Helvetica','sans-serif'; color: #151515;\">Para las subnacionales se buscar\u00e1 \u201creeditar\u201d la cooperaci\u00f3n con la Organizaci\u00f3n Panamericana de la Salud (OPS), para que pueda brindar asesoramiento especializado, definir protocolos y las medidas que se aplicar\u00e1n en la elecci\u00f3n departamental, regional y municipal.<\/span><\/p>\n<p style=\"margin-top: 0cm; line-height: 16.85pt; background: white; text-align: justify;\"><span style=\"font-family: 'Helvetica','sans-serif'; color: #151515;\">Barral insisti\u00f3 en los riesgos de llevar las elecciones en medio de un rebrote del coronavirus y demand\u00f3 al Legislativo tomar la iniciativa.<\/span><\/p>\n<p style=\"margin-top: 0cm; line-height: 16.85pt; background: white; text-align: justify;\"><span style=\"font-family: 'Helvetica','sans-serif'; color: #151515;\">\u201cEstamos en peligro, los candidatos, la gente que se acerca a nosotros, podemos contagiarnos. Esta enfermedad en demasiado mortal\u201d, advirti\u00f3 el candidato y exdiputado nacional.<\/span><\/p>\n<p style=\"margin-top: 0cm; line-height: 16.85pt; background: white; text-align: justify;\"><span style=\"font-family: 'Helvetica','sans-serif'; color: #151515;\">El exministro \u00d3scar Ortiz tambi\u00e9n solicit\u00f3 aplazar la fecha de los comicios, pero una similar respuesta a la de Barral fue extendida por el ente electoral.<\/span><\/p>\n","protected":false},"excerpt":{"rendered":"<p>En respuesta al candidato a la alcald\u00eda de La Paz por Pan-Bol, Amilcar Barral, el Tribunal Supremo Electoral (TSE) descart\u00f3 nuevamente el aplazamiento de la fecha de las elecciones subnacionales del 7 de marzo y comprometi\u00f3 que \u00e9stas se realizar\u00e1n en el marco de las medidas de bioseguridad que recomiende la Organizaci\u00f3n Panamericana de la [&hellip;]<\/p>\n","protected":false},"author":4,"featured_media":1552,"comment_status":"open","ping_status":"open","sticky":false,"template":"","format":"standard","meta":{"footnotes":""},"categories":[18],"tags":[],"class_list":{"0":"post-1551","1":"post","2":"type-post","3":"status-publish","4":"format-standard","5":"has-post-thumbnail","7":"category-politica"},"_links":{"self":[{"href":"https:\/\/jms.com.bo\/mediamonitor\/wp-json\/wp\/v2\/posts\/1551","targetHints":{"allow":["GET"]}}],"collection":[{"href":"https:\/\/jms.com.bo\/mediamonitor\/wp-json\/wp\/v2\/posts"}],"about":[{"href":"https:\/\/jms.com.bo\/mediamonitor\/wp-json\/wp\/v2\/types\/post"}],"author":[{"embeddable":true,"href":"https:\/\/jms.com.bo\/mediamonitor\/wp-json\/wp\/v2\/users\/4"}],"replies":[{"embeddable":true,"href":"https:\/\/jms.com.bo\/mediamonitor\/wp-json\/wp\/v2\/comments?post=1551"}],"version-history":[{"count":1,"href":"https:\/\/jms.com.bo\/mediamonitor\/wp-json\/wp\/v2\/posts\/1551\/revisions"}],"predecessor-version":[{"id":1553,"href":"https:\/\/jms.com.bo\/mediamonitor\/wp-json\/wp\/v2\/posts\/1551\/revisions\/1553"}],"wp:featuredmedia":[{"embeddable":true,"href":"https:\/\/jms.com.bo\/mediamonitor\/wp-json\/wp\/v2\/media\/1552"}],"wp:attachment":[{"href":"https:\/\/jms.com.bo\/mediamonitor\/wp-json\/wp\/v2\/media?parent=1551"}],"wp:term":[{"taxonomy":"category","embeddable":true,"href":"https:\/\/jms.com.bo\/mediamonitor\/wp-json\/wp\/v2\/categories?post=1551"},{"taxonomy":"post_tag","embeddable":true,"href":"https:\/\/jms.com.bo\/mediamonitor\/wp-json\/wp\/v2\/tags?post=1551"}],"curies":[{"name":"wp","href":"https:\/\/api.w.org\/{rel}","templated":true}]}}