{"id":1554,"date":"2021-01-21T03:10:42","date_gmt":"2021-01-21T07:10:42","guid":{"rendered":"http:\/\/jms.com.bo\/mediamonitor\/?p=1554"},"modified":"2021-01-21T03:10:42","modified_gmt":"2021-01-21T07:10:42","slug":"arce-saluda-a-biden-y-aboga-por-lazos-de-confianza-para-una-relacion-bilateral-con-respeto-y-complementariedad","status":"publish","type":"post","link":"https:\/\/jms.com.bo\/mediamonitor\/2021\/01\/21\/arce-saluda-a-biden-y-aboga-por-lazos-de-confianza-para-una-relacion-bilateral-con-respeto-y-complementariedad\/","title":{"rendered":"Arce saluda a Biden y aboga por lazos de confianza para una relaci\u00f3n bilateral con respeto y complementariedad"},"content":{"rendered":"<p style=\"text-align: justify;\">El presidente Luis Arce salud\u00f3 este mi\u00e9rcoles a su hom\u00f3logo Joe Biden, quien fue posesionado como el 46\u00b0 mandatario de EEUU, y le expres\u00f3 la importancia de construir lazos de confianza para una relaci\u00f3n bilateral de mutuo respeto.<\/p>\n<p style=\"text-align: justify;\">\u201cSaludamos al Pdte. @JoeBiden, deseamos que su gesti\u00f3n permita forjar una nueva historia de igualdad, libertad y democracia, para el pueblo de los Estados Unidos. Se deben construir lazos de confianza para una relaci\u00f3n bilateral enmarcada en el mutuo respeto y la complementariedad\u201d, manifest\u00f3 el Jefe de Estado en su cuenta de Twitter.<\/p>\n<p style=\"text-align: justify;\">Antes, mediante un comunicado, el Ministerio de Relaciones Exteriores del Estado Plurinacional de Bolivia, a nombre del Gobierno y pueblo boliviano, felicit\u00f3 al nuevo presidente de Estados Unidos, esperando una relaci\u00f3n bilateral saludable.<\/p>\n<p style=\"text-align: justify;\">\u00a0\u201cEl Ministerio de Relaciones Exteriores expresa sus votos para la construcci\u00f3n y desarrollo de una relaci\u00f3n bilateral saludable y sostenible, en el marco del mutuo respeto y la complementariedad\u201d, dice la nota.<\/p>\n<p style=\"text-align: justify;\">Bolivia y Estados Unidos rompieron relaciones diplom\u00e1ticas en 2008 cuando el expresidente Evo Morales expuls\u00f3 al diplom\u00e1tico Philip Goldberg acusado por conspirar contra el Gobierno.<\/p>\n","protected":false},"excerpt":{"rendered":"<p>El presidente Luis Arce salud\u00f3 este mi\u00e9rcoles a su hom\u00f3logo Joe Biden, quien fue posesionado como el 46\u00b0 mandatario de EEUU, y le expres\u00f3 la importancia de construir lazos de confianza para una relaci\u00f3n bilateral de mutuo respeto. \u201cSaludamos al Pdte. @JoeBiden, deseamos que su gesti\u00f3n permita forjar una nueva historia de igualdad, libertad y [&hellip;]<\/p>\n","protected":false},"author":4,"featured_media":1555,"comment_status":"open","ping_status":"open","sticky":false,"template":"","format":"standard","meta":{"footnotes":""},"categories":[18,48,46],"tags":[],"class_list":{"0":"post-1554","1":"post","2":"type-post","3":"status-publish","4":"format-standard","5":"has-post-thumbnail","7":"category-politica","8":"category-portada-general-sitio","9":"category-portada-politica"},"_links":{"self":[{"href":"https:\/\/jms.com.bo\/mediamonitor\/wp-json\/wp\/v2\/posts\/1554","targetHints":{"allow":["GET"]}}],"collection":[{"href":"https:\/\/jms.com.bo\/mediamonitor\/wp-json\/wp\/v2\/posts"}],"about":[{"href":"https:\/\/jms.com.bo\/mediamonitor\/wp-json\/wp\/v2\/types\/post"}],"author":[{"embeddable":true,"href":"https:\/\/jms.com.bo\/mediamonitor\/wp-json\/wp\/v2\/users\/4"}],"replies":[{"embeddable":true,"href":"https:\/\/jms.com.bo\/mediamonitor\/wp-json\/wp\/v2\/comments?post=1554"}],"version-history":[{"count":1,"href":"https:\/\/jms.com.bo\/mediamonitor\/wp-json\/wp\/v2\/posts\/1554\/revisions"}],"predecessor-version":[{"id":1556,"href":"https:\/\/jms.com.bo\/mediamonitor\/wp-json\/wp\/v2\/posts\/1554\/revisions\/1556"}],"wp:featuredmedia":[{"embeddable":true,"href":"https:\/\/jms.com.bo\/mediamonitor\/wp-json\/wp\/v2\/media\/1555"}],"wp:attachment":[{"href":"https:\/\/jms.com.bo\/mediamonitor\/wp-json\/wp\/v2\/media?parent=1554"}],"wp:term":[{"taxonomy":"category","embeddable":true,"href":"https:\/\/jms.com.bo\/mediamonitor\/wp-json\/wp\/v2\/categories?post=1554"},{"taxonomy":"post_tag","embeddable":true,"href":"https:\/\/jms.com.bo\/mediamonitor\/wp-json\/wp\/v2\/tags?post=1554"}],"curies":[{"name":"wp","href":"https:\/\/api.w.org\/{rel}","templated":true}]}}