{"id":1563,"date":"2021-01-21T03:43:36","date_gmt":"2021-01-21T07:43:36","guid":{"rendered":"http:\/\/jms.com.bo\/mediamonitor\/?p=1563"},"modified":"2021-01-21T03:43:36","modified_gmt":"2021-01-21T07:43:36","slug":"sectores-rechazan-la-cuarentena-rigida-y-advierten-que-por-restricciones-se-perdera-medio-millon-de-empleos","status":"publish","type":"post","link":"https:\/\/jms.com.bo\/mediamonitor\/2021\/01\/21\/sectores-rechazan-la-cuarentena-rigida-y-advierten-que-por-restricciones-se-perdera-medio-millon-de-empleos\/","title":{"rendered":"Sectores rechazan la cuarentena r\u00edgida y advierten que por restricciones se perder\u00e1 medio mill\u00f3n de empleos"},"content":{"rendered":"<p style=\"text-align: justify;\">Desde los gremiales hasta los grandes empresarios, agrupados en m\u00e1s de una decena de instituciones, rechazaron este mi\u00e9rcoles volver a una cuarentena r\u00edgida ante el rebrote de casos de coronavirus.<\/p>\n<p>En una conferencia realizada en instalaciones del Sindicato de Transportistas, los sectores aseguraron que nuevas medidas restrictivas ocasionar\u00e1n\u00a0la p\u00e9rdida de m\u00e1s de 500.000 fuentes de trabajo, entre directos e indirectos.<\/p>\n<p>En d\u00edas pasados, la alcald\u00eda restringi\u00f3 el horario de circulaci\u00f3n de veh\u00edculos y el funcionamiento de locales, ante el incremento de varios casos por Covid-19. Sin embargo, la medida es rechazada por varios sectores.<\/p>\n<p style=\"text-align: justify;\">La autoridad se\u00f1ala que el aislamiento dispuesto el a\u00f1o pasado afect\u00f3 la econom\u00eda del 80 por ciento de la poblaci\u00f3n. M\u00e9dicos piden la medida ante la saturaci\u00f3n de los hospitales.<\/p>\n<p style=\"text-align: justify;\">\u201cRechazamos la posibilidad de una cuarentena r\u00edgida que traer\u00eda consigo el cierre de empresas, despidos, el incremento de mora en el sistema financiero, la imposibilidad del pago de AFPs y de sueldos a los trabajadores\u201d, se\u00f1al\u00f3 Fernando Molina, presidente de la C\u00e1mara Gastron\u00f3mica de Santa Cruz.<\/p>\n<p style=\"text-align: justify;\">Medina sostuvo que es necesario que los diferentes sectores vuelvan a trabajar, respetando las medidas de bioseguridad.<\/p>\n<p style=\"text-align: justify;\">\u00abExigimos que, entre los tres niveles de gobierno, ultimen los esfuerzos necesarios para lograr una mayor coordinaci\u00f3n y un control de la pandemia\u00bb, dijo Medina en representaci\u00f3n de 17 sectores.<\/p>\n<p>Mediante un comunicado de prensa, la C\u00e1mara de Industria, Comercio, Servicios y Turismo de Santa Cruz (Cainco) se\u00f1al\u00f3 que una nueva cuarentena r\u00edgida no va a resolver el problema sanitario.<\/p>\n<p>\u201cVa a debilitar m\u00e1s a\u00fan la ya fr\u00e1gil situaci\u00f3n de la econom\u00eda familiar y amenaza la sobrevivencia del tejido econ\u00f3mico que forman hogares y empresas\u201d, se\u00f1al\u00f3.<\/p>\n<p style=\"text-align: justify;\">Desde la Cainco recordaron que, durante los dos meses de cuarentena r\u00edgida de abril y mayo de 2020, 700 mil personas quedaron sin empleo.<\/p>\n<p>\u201cTuvieron que cerrar miles de negocios de todo tipo y tama\u00f1o. Los ingresos del pa\u00eds cayeron un 70% respecto a su nivel anterior.\u00a0Y hasta ahora las p\u00e9rdidas no han podido ser compensadas\u201d, subray\u00f3 la Cainco.<\/p>\n","protected":false},"excerpt":{"rendered":"<p>Desde los gremiales hasta los grandes empresarios, agrupados en m\u00e1s de una decena de instituciones, rechazaron este mi\u00e9rcoles volver a una cuarentena r\u00edgida ante el rebrote de casos de coronavirus. En una conferencia realizada en instalaciones del Sindicato de Transportistas, los sectores aseguraron que nuevas medidas restrictivas ocasionar\u00e1n\u00a0la p\u00e9rdida de m\u00e1s de 500.000 fuentes de [&hellip;]<\/p>\n","protected":false},"author":4,"featured_media":1564,"comment_status":"open","ping_status":"open","sticky":false,"template":"","format":"standard","meta":{"footnotes":""},"categories":[25],"tags":[],"class_list":{"0":"post-1563","1":"post","2":"type-post","3":"status-publish","4":"format-standard","5":"has-post-thumbnail","7":"category-economia"},"_links":{"self":[{"href":"https:\/\/jms.com.bo\/mediamonitor\/wp-json\/wp\/v2\/posts\/1563","targetHints":{"allow":["GET"]}}],"collection":[{"href":"https:\/\/jms.com.bo\/mediamonitor\/wp-json\/wp\/v2\/posts"}],"about":[{"href":"https:\/\/jms.com.bo\/mediamonitor\/wp-json\/wp\/v2\/types\/post"}],"author":[{"embeddable":true,"href":"https:\/\/jms.com.bo\/mediamonitor\/wp-json\/wp\/v2\/users\/4"}],"replies":[{"embeddable":true,"href":"https:\/\/jms.com.bo\/mediamonitor\/wp-json\/wp\/v2\/comments?post=1563"}],"version-history":[{"count":1,"href":"https:\/\/jms.com.bo\/mediamonitor\/wp-json\/wp\/v2\/posts\/1563\/revisions"}],"predecessor-version":[{"id":1565,"href":"https:\/\/jms.com.bo\/mediamonitor\/wp-json\/wp\/v2\/posts\/1563\/revisions\/1565"}],"wp:featuredmedia":[{"embeddable":true,"href":"https:\/\/jms.com.bo\/mediamonitor\/wp-json\/wp\/v2\/media\/1564"}],"wp:attachment":[{"href":"https:\/\/jms.com.bo\/mediamonitor\/wp-json\/wp\/v2\/media?parent=1563"}],"wp:term":[{"taxonomy":"category","embeddable":true,"href":"https:\/\/jms.com.bo\/mediamonitor\/wp-json\/wp\/v2\/categories?post=1563"},{"taxonomy":"post_tag","embeddable":true,"href":"https:\/\/jms.com.bo\/mediamonitor\/wp-json\/wp\/v2\/tags?post=1563"}],"curies":[{"name":"wp","href":"https:\/\/api.w.org\/{rel}","templated":true}]}}