{"id":15969,"date":"2021-11-18T06:59:58","date_gmt":"2021-11-18T10:59:58","guid":{"rendered":"https:\/\/jms.com.bo\/mediamonitor\/2021\/11\/18\/brasil-cuenta-con-que-mayor-importacion-de-gnl-cubra-necesidades\/"},"modified":"2021-11-18T06:59:58","modified_gmt":"2021-11-18T10:59:58","slug":"brasil-cuenta-con-que-mayor-importacion-de-gnl-cubra-necesidades","status":"publish","type":"post","link":"https:\/\/jms.com.bo\/mediamonitor\/2021\/11\/18\/brasil-cuenta-con-que-mayor-importacion-de-gnl-cubra-necesidades\/","title":{"rendered":"Brasil cuenta con que mayor importaci\u00f3n de GNL cubra necesidades"},"content":{"rendered":"<p style=\"text-align: justify;\">Brasil, un impulsor del incremento de la demanda mundial de gas natural licuado, podr\u00eda mantener ese apetito durante los pr\u00f3ximos tres a\u00f1os mientras intenta apuntalar la producci\u00f3n nacional del combustible superfr\u00edo.<\/p>\n<p style=\"text-align: justify;\">Las importaciones deber\u00edan seguir creciendo mientras la naci\u00f3n sudamericana duplica sus terminales de recepci\u00f3n de GNL a ocho para 2030, dijo el mi\u00e9rcoles el ministro de Minas y Energ\u00eda, Bento Albuquerque.<\/p>\n<p style=\"text-align: justify;\">\u201cDurante los pr\u00f3ximos dos o tres a\u00f1os, esto aumentar\u00e1\u201d, se\u00f1al\u00f3 en la conferencia de energ\u00eda de Adipec en Abu Dhabi. \u201cPor otro lado, estamos aumentando nuestra producci\u00f3n y, en cinco a\u00f1os, reduciremos nuestras importaciones, y ser\u00e1 suficiente para nuestros mercados\u201d.<\/p>\n<p style=\"text-align: justify;\">El mercado energ\u00e9tico m\u00e1s grande de Am\u00e9rica Latina entr\u00f3 en crisis este a\u00f1o cuando la producci\u00f3n hidroel\u00e9ctrica disminuy\u00f3 debido a la peor sequ\u00eda en casi un siglo. La generaci\u00f3n todav\u00eda se encuentra por debajo del promedio para esta \u00e9poca del a\u00f1o, cuando normalmente aumenta en el invierno del hemisferio norte. Eso llev\u00f3 al pa\u00eds a aumentar las importaciones desde Estados Unidos a niveles r\u00e9cord y a recurrir a los costosos mercados spot. La energ\u00eda hidroel\u00e9ctrica representa alrededor del 70% de la matriz el\u00e9ctrica de Brasil y, durante los per\u00edodos secos, hay una mayor demanda de generaci\u00f3n termoel\u00e9ctrica.<\/p>\n<p style=\"text-align: justify;\">La necesidad brasile\u00f1a de GNL contribuy\u00f3 al incremento en los precios spot justo cuando Asia y Europa buscaban asegurar cargamentos para abultar los inventarios antes del invierno y cuando los suministros en algunas instalaciones de producci\u00f3n mundial flaqueaban. La conferencia, a la que asisten algunas de las compa\u00f1\u00edas de petr\u00f3leo y gas m\u00e1s grandes del mundo y muchos ministros de energ\u00eda, se celebra d\u00edas despu\u00e9s de que terminaran las conversaciones de la COP26 sobre el clima y en medio de un alza en los precios de la energ\u00eda.<\/p>\n<p style=\"text-align: justify;\">Brasil quiere aumentar su producci\u00f3n de gas a 260 millones de metros c\u00fabicos por d\u00eda para 2030 frente a los 125 millones de metros c\u00fabicos actuales, dijo Albuquerque. Ese suministro adicional se utilizar\u00e1 para el consumo interno, y el pa\u00eds podr\u00eda incluso comenzar a exportar en cinco a siete a\u00f1os, se\u00f1al\u00f3.<\/p>\n","protected":false},"excerpt":{"rendered":"<p>Brasil, un impulsor del incremento de la demanda mundial de gas natural licuado, podr\u00eda mantener ese apetito durante los pr\u00f3ximos tres a\u00f1os mientras intenta apuntalar la producci\u00f3n nacional del combustible superfr\u00edo. Las importaciones deber\u00edan seguir creciendo mientras la naci\u00f3n sudamericana duplica sus terminales de recepci\u00f3n de GNL a ocho para 2030, dijo el mi\u00e9rcoles el [&hellip;]<\/p>\n","protected":false},"author":4,"featured_media":7124,"comment_status":"open","ping_status":"open","sticky":false,"template":"","format":"standard","meta":{"footnotes":""},"categories":[23,41],"tags":[],"class_list":{"0":"post-15969","1":"post","2":"type-post","3":"status-publish","4":"format-standard","5":"has-post-thumbnail","7":"category-hidrocarburos","8":"category-sudamerica"},"_links":{"self":[{"href":"https:\/\/jms.com.bo\/mediamonitor\/wp-json\/wp\/v2\/posts\/15969","targetHints":{"allow":["GET"]}}],"collection":[{"href":"https:\/\/jms.com.bo\/mediamonitor\/wp-json\/wp\/v2\/posts"}],"about":[{"href":"https:\/\/jms.com.bo\/mediamonitor\/wp-json\/wp\/v2\/types\/post"}],"author":[{"embeddable":true,"href":"https:\/\/jms.com.bo\/mediamonitor\/wp-json\/wp\/v2\/users\/4"}],"replies":[{"embeddable":true,"href":"https:\/\/jms.com.bo\/mediamonitor\/wp-json\/wp\/v2\/comments?post=15969"}],"version-history":[{"count":0,"href":"https:\/\/jms.com.bo\/mediamonitor\/wp-json\/wp\/v2\/posts\/15969\/revisions"}],"wp:featuredmedia":[{"embeddable":true,"href":"https:\/\/jms.com.bo\/mediamonitor\/wp-json\/wp\/v2\/media\/7124"}],"wp:attachment":[{"href":"https:\/\/jms.com.bo\/mediamonitor\/wp-json\/wp\/v2\/media?parent=15969"}],"wp:term":[{"taxonomy":"category","embeddable":true,"href":"https:\/\/jms.com.bo\/mediamonitor\/wp-json\/wp\/v2\/categories?post=15969"},{"taxonomy":"post_tag","embeddable":true,"href":"https:\/\/jms.com.bo\/mediamonitor\/wp-json\/wp\/v2\/tags?post=15969"}],"curies":[{"name":"wp","href":"https:\/\/api.w.org\/{rel}","templated":true}]}}