{"id":15972,"date":"2021-11-18T07:01:46","date_gmt":"2021-11-18T11:01:46","guid":{"rendered":"https:\/\/jms.com.bo\/mediamonitor\/2021\/11\/18\/asamblea-tarijena-agotara-dialogo-para-concertar-distribucion-del-idh\/"},"modified":"2021-11-18T07:01:46","modified_gmt":"2021-11-18T11:01:46","slug":"asamblea-tarijena-agotara-dialogo-para-concertar-distribucion-del-idh","status":"publish","type":"post","link":"https:\/\/jms.com.bo\/mediamonitor\/2021\/11\/18\/asamblea-tarijena-agotara-dialogo-para-concertar-distribucion-del-idh\/","title":{"rendered":"Asamblea tarije\u00f1a agotar\u00e1 di\u00e1logo para concertar distribuci\u00f3n del IDH"},"content":{"rendered":"<p style=\"text-align: justify;\">En la Asamblea Legislativa Departamental (ALD) de Tarija se abri\u00f3 un di\u00e1logo para deliberar y concertar la distribuci\u00f3n de los ingresos por el Impuesto Directo a los Hidrocarburos (IDH) entre las seis provincias, dijo el vicepresidente de esa instituci\u00f3n, Mauricio Lea Plaza.<\/p>\n<p style=\"text-align: justify;\">El asamble\u00edsta se refiri\u00f3 al tema, luego de agresiones verbales y el cerco ayer al edificio legislativo por parte de representantes de organizaciones sociales de la provincia Gran Chaco que se oponen a la redistribuci\u00f3n del 45% de ese ingreso por renta petrolera.<\/p>\n<p style=\"text-align: justify;\">\u00abNuestro objetivo es buscar una f\u00f3rmula de consenso que no perjudique ni favorezca. Esperamos llegar a buen puerto con cada una de las provincias\u00bb, expres\u00f3 Lea Plaza, al cuestionar los actos bochornosos de los chaque\u00f1os en complicidad de algunos polic\u00edas que no resguardaron.<\/p>\n<p style=\"text-align: justify;\">El asamble\u00edsta aclar\u00f3 que en la sesi\u00f3n de ayer no se iba a considerar ninguno de los tres proyectos de Ley de distribuci\u00f3n del IDH y solamente se abri\u00f3 la deliberaci\u00f3n al respecto para encontrar una salida.<\/p>\n<p style=\"text-align: justify;\">Organizaciones c\u00edvicas y sociales de la provincia Gran Chaco demandan el respeto a la transferencia del 45% del Impuesto Directo a los Hidrocarburos y se oponen a la redistribuci\u00f3n con las dem\u00e1s provincias.<\/p>\n<p style=\"text-align: justify;\">El secretario de Justicia del Gobierno Regional del Chaco, Pablo Valeriano, justific\u00f3 el reclamo sustentado en una Ley y que se debe garantizar el dinero por ese ingreso para las competencias transferidas a esa regi\u00f3n.<\/p>\n","protected":false},"excerpt":{"rendered":"<p>En la Asamblea Legislativa Departamental (ALD) de Tarija se abri\u00f3 un di\u00e1logo para deliberar y concertar la distribuci\u00f3n de los ingresos por el Impuesto Directo a los Hidrocarburos (IDH) entre las seis provincias, dijo el vicepresidente de esa instituci\u00f3n, Mauricio Lea Plaza. El asamble\u00edsta se refiri\u00f3 al tema, luego de agresiones verbales y el cerco [&hellip;]<\/p>\n","protected":false},"author":4,"featured_media":15973,"comment_status":"open","ping_status":"open","sticky":false,"template":"","format":"standard","meta":{"footnotes":""},"categories":[40,23],"tags":[],"class_list":{"0":"post-15972","1":"post","2":"type-post","3":"status-publish","4":"format-standard","5":"has-post-thumbnail","7":"category-bolivia","8":"category-hidrocarburos"},"_links":{"self":[{"href":"https:\/\/jms.com.bo\/mediamonitor\/wp-json\/wp\/v2\/posts\/15972","targetHints":{"allow":["GET"]}}],"collection":[{"href":"https:\/\/jms.com.bo\/mediamonitor\/wp-json\/wp\/v2\/posts"}],"about":[{"href":"https:\/\/jms.com.bo\/mediamonitor\/wp-json\/wp\/v2\/types\/post"}],"author":[{"embeddable":true,"href":"https:\/\/jms.com.bo\/mediamonitor\/wp-json\/wp\/v2\/users\/4"}],"replies":[{"embeddable":true,"href":"https:\/\/jms.com.bo\/mediamonitor\/wp-json\/wp\/v2\/comments?post=15972"}],"version-history":[{"count":0,"href":"https:\/\/jms.com.bo\/mediamonitor\/wp-json\/wp\/v2\/posts\/15972\/revisions"}],"wp:featuredmedia":[{"embeddable":true,"href":"https:\/\/jms.com.bo\/mediamonitor\/wp-json\/wp\/v2\/media\/15973"}],"wp:attachment":[{"href":"https:\/\/jms.com.bo\/mediamonitor\/wp-json\/wp\/v2\/media?parent=15972"}],"wp:term":[{"taxonomy":"category","embeddable":true,"href":"https:\/\/jms.com.bo\/mediamonitor\/wp-json\/wp\/v2\/categories?post=15972"},{"taxonomy":"post_tag","embeddable":true,"href":"https:\/\/jms.com.bo\/mediamonitor\/wp-json\/wp\/v2\/tags?post=15972"}],"curies":[{"name":"wp","href":"https:\/\/api.w.org\/{rel}","templated":true}]}}