{"id":16020,"date":"2021-11-19T06:15:19","date_gmt":"2021-11-19T10:15:19","guid":{"rendered":"https:\/\/jms.com.bo\/mediamonitor\/2021\/11\/19\/bananeros-del-tropico-de-cochabamba-perdieron-mas-de-200-000-racimos-de-su-produccion-por-el-paro-civico\/"},"modified":"2021-11-19T06:15:19","modified_gmt":"2021-11-19T10:15:19","slug":"bananeros-del-tropico-de-cochabamba-perdieron-mas-de-200-000-racimos-de-su-produccion-por-el-paro-civico","status":"publish","type":"post","link":"https:\/\/jms.com.bo\/mediamonitor\/2021\/11\/19\/bananeros-del-tropico-de-cochabamba-perdieron-mas-de-200-000-racimos-de-su-produccion-por-el-paro-civico\/","title":{"rendered":"Bananeros del tr\u00f3pico de Cochabamba perdieron m\u00e1s de 200.000 racimos de su producci\u00f3n por el paro c\u00edvico"},"content":{"rendered":"<p style=\"text-align: justify;\">El gerente de la C\u00e1mara Agropecuaria de Cochabamba, Rolando Morales, inform\u00f3 este jueves que los productores de banano del tr\u00f3pico de esa regi\u00f3n perdieron m\u00e1s de 200.000 racimos de su producci\u00f3n por causa de los bloqueos de carreteras en los nueve d\u00edas del paro c\u00edvico.<\/p>\n<p style=\"text-align: justify;\">\u201cHoy (jueves) ten\u00edamos una reuni\u00f3n virtual con nuestros productores del tr\u00f3pico quienes nos han anunciado que m\u00e1s de 200.000 racimos de banano se han podrido en el tr\u00f3pico, porque all\u00e1 no tenemos c\u00e1maras donde refrigerar el producto\u201d, lament\u00f3 en una entrevista en el programa \u201cPrimer plano\u201d de Bolivia Tv.<\/p>\n<p style=\"text-align: justify;\">El dirigente mencion\u00f3 que los productores corren incluso el riesgo de perder cerca de m\u00e1s de $us 2 millones, porque 200 camiones quedaron varados en distintas regiones del departamento de Santa Cruz y se retrasaron en el recojo de carga que deb\u00eda llegar en un tiempo determinado a la Rep\u00fablica de Argentina.<\/p>\n<p style=\"text-align: justify;\">La mercader\u00eda logr\u00f3 pasar \u201cmuy dif\u00edcilmente\u201d la frontera el mi\u00e9rcoles, pero los bananeros est\u00e1n \u201ccon el Jes\u00fas en la boca\u201d a la espera de que el comprador que est\u00e1 en la ciudad de Buenos Aires acepte el producto, agreg\u00f3.<\/p>\n<p style=\"text-align: justify;\">\u201cAhora bien, en la Argentina tambi\u00e9n ya nos han anunciado que dada esta crisis, tan dura y radical que se ha dado los \u00faltimos nueve d\u00edas, pues podr\u00edamos perder ese mercado de exportaci\u00f3n\u201d, asever\u00f3.<\/p>\n<p style=\"text-align: justify;\">Adem\u00e1s, Morales mencion\u00f3 que los productores de banano est\u00e1n a punto de volver a ser perjudicados, porque un bloqueo de carreteras est\u00e1 en curso en las zonas de Villamontes y Tapacar\u00ed del departamento de Tarija.<\/p>\n<p style=\"text-align: justify;\">\u201cEs un tema sumamente complejo que nos lastima profundamente, pese a los esfuerzos supremos que estamos realizando para reactivarnos\u201d, sostuvo.<\/p>\n<p style=\"text-align: justify;\">El dirigente manifest\u00f3 que los productores de banano est\u00e1n dispuestos a aplicar medidas de presi\u00f3n para demandar que se garantice el libre tr\u00e1nsito de sus cargas, en cumplimiento del art\u00edculo 22 de la Constituci\u00f3n Pol\u00edtica del Estado.<\/p>\n","protected":false},"excerpt":{"rendered":"<p>El gerente de la C\u00e1mara Agropecuaria de Cochabamba, Rolando Morales, inform\u00f3 este jueves que los productores de banano del tr\u00f3pico de esa regi\u00f3n perdieron m\u00e1s de 200.000 racimos de su producci\u00f3n por causa de los bloqueos de carreteras en los nueve d\u00edas del paro c\u00edvico. \u201cHoy (jueves) ten\u00edamos una reuni\u00f3n virtual con nuestros productores del [&hellip;]<\/p>\n","protected":false},"author":4,"featured_media":5376,"comment_status":"open","ping_status":"open","sticky":false,"template":"","format":"standard","meta":{"footnotes":""},"categories":[52],"tags":[],"class_list":{"0":"post-16020","1":"post","2":"type-post","3":"status-publish","4":"format-standard","5":"has-post-thumbnail","7":"category-alimentos-agroindustria"},"_links":{"self":[{"href":"https:\/\/jms.com.bo\/mediamonitor\/wp-json\/wp\/v2\/posts\/16020","targetHints":{"allow":["GET"]}}],"collection":[{"href":"https:\/\/jms.com.bo\/mediamonitor\/wp-json\/wp\/v2\/posts"}],"about":[{"href":"https:\/\/jms.com.bo\/mediamonitor\/wp-json\/wp\/v2\/types\/post"}],"author":[{"embeddable":true,"href":"https:\/\/jms.com.bo\/mediamonitor\/wp-json\/wp\/v2\/users\/4"}],"replies":[{"embeddable":true,"href":"https:\/\/jms.com.bo\/mediamonitor\/wp-json\/wp\/v2\/comments?post=16020"}],"version-history":[{"count":0,"href":"https:\/\/jms.com.bo\/mediamonitor\/wp-json\/wp\/v2\/posts\/16020\/revisions"}],"wp:featuredmedia":[{"embeddable":true,"href":"https:\/\/jms.com.bo\/mediamonitor\/wp-json\/wp\/v2\/media\/5376"}],"wp:attachment":[{"href":"https:\/\/jms.com.bo\/mediamonitor\/wp-json\/wp\/v2\/media?parent=16020"}],"wp:term":[{"taxonomy":"category","embeddable":true,"href":"https:\/\/jms.com.bo\/mediamonitor\/wp-json\/wp\/v2\/categories?post=16020"},{"taxonomy":"post_tag","embeddable":true,"href":"https:\/\/jms.com.bo\/mediamonitor\/wp-json\/wp\/v2\/tags?post=16020"}],"curies":[{"name":"wp","href":"https:\/\/api.w.org\/{rel}","templated":true}]}}