{"id":16021,"date":"2021-11-19T06:17:16","date_gmt":"2021-11-19T10:17:16","guid":{"rendered":"https:\/\/jms.com.bo\/mediamonitor\/2021\/11\/19\/el-bloqueo-en-la-frontera-con-argentina-deja-varados-50-camiones-con-platano-del-tropico\/"},"modified":"2021-11-19T06:17:16","modified_gmt":"2021-11-19T10:17:16","slug":"el-bloqueo-en-la-frontera-con-argentina-deja-varados-50-camiones-con-platano-del-tropico","status":"publish","type":"post","link":"https:\/\/jms.com.bo\/mediamonitor\/2021\/11\/19\/el-bloqueo-en-la-frontera-con-argentina-deja-varados-50-camiones-con-platano-del-tropico\/","title":{"rendered":"El bloqueo en la frontera con Argentina deja varados 50 camiones con pl\u00e1tano del tr\u00f3pico"},"content":{"rendered":"<p style=\"text-align: justify;\">Varios puntos de bloqueo en el Gran Chaco, punto de tr\u00e1nsito a la frontera con Argentina, dej\u00f3 hoy decenas de veh\u00edculos varados, entre ellos 50 camiones con pl\u00e1tano del tr\u00f3pico de Cochabamba.<\/p>\n<p style=\"text-align: justify;\">Organizaciones sociales de la regi\u00f3n aut\u00f3noma del Gran Chaco instalaron la madrugada de este jueves, diferentes puntos de bloqueo para exigir a la Asamblea Departamental de Tarija que no se apruebe el proyecto de ley de redistribuci\u00f3n del Impuesto Directo a los Hidrocarburos (IDH). La medida de presi\u00f3n es de forma indefinida.<\/p>\n<p style=\"text-align: justify;\">La Uni\u00f3n de Bananeros del Tr\u00f3pico de Cochabamba (Uniban) y la Organizaci\u00f3n Comunitaria de Productores de Banano (OCPB) denunciaron hoy que el bloqueo en la carretera internacional est\u00e1 ocasionando catastr\u00f3ficos perjuicios al sector bananero.<\/p>\n<p style=\"text-align: justify;\">Ambas organizaciones productivas pidieron al Gobierno hacer cumplir la libre transitabilidad de los productos alimenticios y de exportaci\u00f3n, a fin de evitar efectos econ\u00f3micos negativos en el sector.<\/p>\n<p style=\"text-align: justify;\">\n","protected":false},"excerpt":{"rendered":"<p>Varios puntos de bloqueo en el Gran Chaco, punto de tr\u00e1nsito a la frontera con Argentina, dej\u00f3 hoy decenas de veh\u00edculos varados, entre ellos 50 camiones con pl\u00e1tano del tr\u00f3pico de Cochabamba. Organizaciones sociales de la regi\u00f3n aut\u00f3noma del Gran Chaco instalaron la madrugada de este jueves, diferentes puntos de bloqueo para exigir a la [&hellip;]<\/p>\n","protected":false},"author":4,"featured_media":16022,"comment_status":"open","ping_status":"open","sticky":false,"template":"","format":"standard","meta":{"footnotes":""},"categories":[49],"tags":[],"class_list":{"0":"post-16021","1":"post","2":"type-post","3":"status-publish","4":"format-standard","5":"has-post-thumbnail","7":"category-social"},"_links":{"self":[{"href":"https:\/\/jms.com.bo\/mediamonitor\/wp-json\/wp\/v2\/posts\/16021","targetHints":{"allow":["GET"]}}],"collection":[{"href":"https:\/\/jms.com.bo\/mediamonitor\/wp-json\/wp\/v2\/posts"}],"about":[{"href":"https:\/\/jms.com.bo\/mediamonitor\/wp-json\/wp\/v2\/types\/post"}],"author":[{"embeddable":true,"href":"https:\/\/jms.com.bo\/mediamonitor\/wp-json\/wp\/v2\/users\/4"}],"replies":[{"embeddable":true,"href":"https:\/\/jms.com.bo\/mediamonitor\/wp-json\/wp\/v2\/comments?post=16021"}],"version-history":[{"count":0,"href":"https:\/\/jms.com.bo\/mediamonitor\/wp-json\/wp\/v2\/posts\/16021\/revisions"}],"wp:featuredmedia":[{"embeddable":true,"href":"https:\/\/jms.com.bo\/mediamonitor\/wp-json\/wp\/v2\/media\/16022"}],"wp:attachment":[{"href":"https:\/\/jms.com.bo\/mediamonitor\/wp-json\/wp\/v2\/media?parent=16021"}],"wp:term":[{"taxonomy":"category","embeddable":true,"href":"https:\/\/jms.com.bo\/mediamonitor\/wp-json\/wp\/v2\/categories?post=16021"},{"taxonomy":"post_tag","embeddable":true,"href":"https:\/\/jms.com.bo\/mediamonitor\/wp-json\/wp\/v2\/tags?post=16021"}],"curies":[{"name":"wp","href":"https:\/\/api.w.org\/{rel}","templated":true}]}}