{"id":16024,"date":"2021-11-19T06:21:58","date_gmt":"2021-11-19T10:21:58","guid":{"rendered":"https:\/\/jms.com.bo\/mediamonitor\/2021\/11\/19\/en-seis-aeropuertos-hay-protestas-y-el-gobierno-ve-que-se-busca-danar-a-aasana\/"},"modified":"2021-11-19T06:21:58","modified_gmt":"2021-11-19T10:21:58","slug":"en-seis-aeropuertos-hay-protestas-y-el-gobierno-ve-que-se-busca-danar-a-aasana","status":"publish","type":"post","link":"https:\/\/jms.com.bo\/mediamonitor\/2021\/11\/19\/en-seis-aeropuertos-hay-protestas-y-el-gobierno-ve-que-se-busca-danar-a-aasana\/","title":{"rendered":"En seis aeropuertos hay protestas y el Gobierno ve que se busca da\u00f1ar a Aasana"},"content":{"rendered":"<p style=\"text-align: justify;\">La tensi\u00f3n en los aeropuertos del pa\u00eds se instala. En seis de ellos, en diferentes horarios, hubo muestras de molestia de los trabajadores que salieron con carteles pidiendo mejores condiciones laborales, exigiendo la renuncia de la directora de la Administradora de Aeropuertos y Servicios Auxiliares a la Navegaci\u00f3n A\u00e9rea (Aasana). Alertando que, el 1 de diciembre, se viene un paro nacional e indefinido.<\/p>\n<p style=\"text-align: justify;\">As\u00ed desde las 6:00, la terminal Jorge Wilsterman (Cochabamba) fue la primera en protestar. A las 10:00, los trabajadores de Potos\u00ed y Villamontes hicieron los mismo. A las 11:00 le sigui\u00f3 el aeropuerto de El Alto (La Paz). A las 14:00 el malestar se traslad\u00f3 al centro pace\u00f1o. A las oficinas centrales de Aasana. Lo mismo que a los aeropuertos de Yacuiba y Tarija.<\/p>\n<p style=\"text-align: justify;\">Para hoy, desde las 8:00, est\u00e1 contemplado que Viru Viru se sume a las manifestaciones que duran entre 30 y 40 minutos y no afectan el servicio aeron\u00e1utico.<\/p>\n<p style=\"text-align: justify;\">Einar Roca, secretario ejecutivo de Fenta Aasana, record\u00f3 lo sucedido forma parte de un conjunto de protestas que ir\u00e1n en aumento si es que el Gobierno no mejora las condiciones laborales, no cumple con el pago de los adeudado por horas extras de enero y febrero de 2020 y enero, febrero y marzo de 2021 y adem\u00e1s, no se destituye a Arminda Choque, directora de Aasana.<\/p>\n<p style=\"text-align: justify;\">Las medidas de presi\u00f3n no pasaron desapercibidas para Edgar Monta\u00f1o, ministro de Obras P\u00fablicas, que sostuvo que las acusaciones que realizan desde Fenta son falsas. Manifest\u00f3 que hay acuerdos firmados por los dirigentes sindicales en los que se establece que el pago de las deudas se ir\u00e1 dando de acuerdo con la liquidez que logre la instituci\u00f3n.<\/p>\n<p style=\"text-align: justify;\">Monta\u00f1o tambi\u00e9n hizo notar que en las oficinas centrales de Aasana hay unos 220 trabajadores que solo atienden la parte administrativa, cuando \u00e9l con 180 trabajadores debe atender la demanda de 14 instituciones.<\/p>\n<p style=\"text-align: justify;\">Agreg\u00f3 que cuando se quiere hacer alguna rotaci\u00f3n de los trabajadores estos se niegan y amenazan con parar.<\/p>\n<p style=\"text-align: justify;\">La autoridad remarc\u00f3 que le llama la atenci\u00f3n que, a pesar de haber entregado Bs 84 millones a la instituci\u00f3n, insistan en hacer un cuarto paro, cuando en el Gobierno anterior no se realiz\u00f3 ninguna medida de protesta, por lo que considera que lo que se est\u00e1 buscando con estas actitudes es destrozar Aasana.<\/p>\n<p style=\"text-align: justify;\">La respuesta<\/p>\n<p style=\"text-align: justify;\">Roca sostuvo que los aproximadamente 200 administrativos de Aasana atienden la administraci\u00f3n nacional, cuatro administraciones regionales (Beni, Santa Cruz, Cochabamba y La Paz) as\u00ed como tambi\u00e9n la administraci\u00f3n de 42 aeropuertos de pa\u00eds. En cuanto a que las acusaciones son falsas. El dirigente indic\u00f3 que todas cuentan con pruebas y evidencias.<\/p>\n<p style=\"text-align: justify;\">Sobre el pago de la deuda, por las horas extras, estar\u00eda condicionada a cuando la instituci\u00f3n tenga liquidez y eso habr\u00eda sido aceptado y firmado por los representantes de Fenta. Roca indic\u00f3 que eso era cierto, pero aclar\u00f3 que tambi\u00e9n se acord\u00f3 que el Ejecutivo buscar\u00eda recursos para lograr la sostenibilidad financiera de Aasana. As\u00ed, desde agosto, empezar a pagar lo adeudado de noviembre 2020 y as\u00ed sucesivamente.<\/p>\n<p style=\"text-align: justify;\">Pero que a la fecha no ha cumplido porque la directora no habr\u00eda gestionado, ni tampoco ejecut\u00f3 el cobro de deudas de las l\u00edneas a\u00e9reas y de los Servicios de Aeropuertos Bolivianos (Sabsa).<\/p>\n<p style=\"text-align: justify;\">Al respecto, \u00c1lvaro Munguia, experto aeron\u00e1utico, remarc\u00f3 que el Gobierno tiene que cumplir con los derechos laborales, especialmente de aquellos que hacen un trabajo tan delicado como los controladores a\u00e9reos que ganan muy poco y encima no les pagan.<\/p>\n<p style=\"text-align: justify;\">\u00bfComo se llega a esta situaci\u00f3n? Por una p\u00e9sima gesti\u00f3n gerencial, dijeron. \u201cEl tema aeron\u00e1utico no puede estar sujeto al cuoteo pol\u00edtico, se debe poner gente calificada con experiencia y estudios en derecho aeroportuario e ingenier\u00eda aeroespacial. Las instituciones aeron\u00e1uticas son altamente tecnificadas en su manejo. Mientras se ponga al compa\u00f1ero de partido pol\u00edtico en cargos gerenciales no existe futuro\u201d, indic\u00f3 Munguia.<\/p>\n<p style=\"text-align: justify;\">En el Chaco boliviano, Villamontes, se pidio la renuncia de Choque, directora de Aasana y el pago de deudas<\/p>\n","protected":false},"excerpt":{"rendered":"<p>La tensi\u00f3n en los aeropuertos del pa\u00eds se instala. En seis de ellos, en diferentes horarios, hubo muestras de molestia de los trabajadores que salieron con carteles pidiendo mejores condiciones laborales, exigiendo la renuncia de la directora de la Administradora de Aeropuertos y Servicios Auxiliares a la Navegaci\u00f3n A\u00e9rea (Aasana). Alertando que, el 1 de [&hellip;]<\/p>\n","protected":false},"author":4,"featured_media":16025,"comment_status":"open","ping_status":"open","sticky":false,"template":"","format":"standard","meta":{"footnotes":""},"categories":[49],"tags":[],"class_list":{"0":"post-16024","1":"post","2":"type-post","3":"status-publish","4":"format-standard","5":"has-post-thumbnail","7":"category-social"},"_links":{"self":[{"href":"https:\/\/jms.com.bo\/mediamonitor\/wp-json\/wp\/v2\/posts\/16024","targetHints":{"allow":["GET"]}}],"collection":[{"href":"https:\/\/jms.com.bo\/mediamonitor\/wp-json\/wp\/v2\/posts"}],"about":[{"href":"https:\/\/jms.com.bo\/mediamonitor\/wp-json\/wp\/v2\/types\/post"}],"author":[{"embeddable":true,"href":"https:\/\/jms.com.bo\/mediamonitor\/wp-json\/wp\/v2\/users\/4"}],"replies":[{"embeddable":true,"href":"https:\/\/jms.com.bo\/mediamonitor\/wp-json\/wp\/v2\/comments?post=16024"}],"version-history":[{"count":0,"href":"https:\/\/jms.com.bo\/mediamonitor\/wp-json\/wp\/v2\/posts\/16024\/revisions"}],"wp:featuredmedia":[{"embeddable":true,"href":"https:\/\/jms.com.bo\/mediamonitor\/wp-json\/wp\/v2\/media\/16025"}],"wp:attachment":[{"href":"https:\/\/jms.com.bo\/mediamonitor\/wp-json\/wp\/v2\/media?parent=16024"}],"wp:term":[{"taxonomy":"category","embeddable":true,"href":"https:\/\/jms.com.bo\/mediamonitor\/wp-json\/wp\/v2\/categories?post=16024"},{"taxonomy":"post_tag","embeddable":true,"href":"https:\/\/jms.com.bo\/mediamonitor\/wp-json\/wp\/v2\/tags?post=16024"}],"curies":[{"name":"wp","href":"https:\/\/api.w.org\/{rel}","templated":true}]}}