{"id":16026,"date":"2021-11-19T06:24:00","date_gmt":"2021-11-19T10:24:00","guid":{"rendered":"https:\/\/jms.com.bo\/mediamonitor\/2021\/11\/19\/emboscada-de-contrabandistas-en-senkata-deja-un-militar-fallecido-por-disparos-de-arma-de-fuego\/"},"modified":"2021-11-19T06:24:00","modified_gmt":"2021-11-19T10:24:00","slug":"emboscada-de-contrabandistas-en-senkata-deja-un-militar-fallecido-por-disparos-de-arma-de-fuego","status":"publish","type":"post","link":"https:\/\/jms.com.bo\/mediamonitor\/2021\/11\/19\/emboscada-de-contrabandistas-en-senkata-deja-un-militar-fallecido-por-disparos-de-arma-de-fuego\/","title":{"rendered":"Emboscada de contrabandistas en Senkata deja un militar fallecido por disparos de arma de fuego"},"content":{"rendered":"<p style=\"text-align: justify;\">Un suboficial del Ej\u00e9rcito muri\u00f3 en medio una balacera registrada esta madrugada en Senkata en El Alto. Seg\u00fan el viceministro de Lucha contra el Contrabando, Daniel Vargas, el militar junto a otros efectivos anticontrabando fueron emboscados.<\/p>\n<p style=\"text-align: justify;\">La autoridad relat\u00f3 que la emboscada se registr\u00f3 por el sector de las rieles de esa zona, donde veh\u00edculos de supuestos contrabandistas interceptaron la patrulla en la que encontraban tres efectivos del Comando Estrat\u00e9gico Operacional (CEO).<\/p>\n<p style=\"text-align: justify;\">Vargas, en la conferencia de prensa, indic\u00f3 que los contrabandistas dispararon sus armas de fuego a quemarropa a los militares y uno de ellos falleci\u00f3 como consecuencia de la arremetida violenta.<\/p>\n<p style=\"text-align: justify;\">El viceministro que tambi\u00e9n es militar relat\u00f3 que como antecedentes del hecho se puede citar que a las 23:30 de la noche efectivos del Batall\u00f3n de Patacamaya interceptaron a una flota interdepartamental, comisando cuatro fardos de ropa usada y 20 cajas de bebidas alcoh\u00f3licas. Luego se detect\u00f3 que un minib\u00fas que llevaba ropa usada.<\/p>\n<p style=\"text-align: justify;\">Esa fue el inicio de la arremetida. Los contrabandistas no se quedaron de brazos cruzados y lograron arrebatar el veh\u00edculo que fue decomisado con toda la mercader\u00eda que ingres\u00f3 de manera ilegal al pa\u00eds.<\/p>\n<p style=\"text-align: justify;\">En la tranca de Achica Arriba, los militares fueron retenidos y agredidos con piedras, refiri\u00f3 Vargas. Cuando se dirig\u00edan hacia Senkata, los militares fueron emboscados y se produjo un intercambio de disparos con un descenlace lamentable.<\/p>\n<p style=\"text-align: justify;\">Como resultado de las primeras investigaciones fue aprehendida de una persona que podr\u00eda ayudar a aclarar lo ocurrido.<\/p>\n","protected":false},"excerpt":{"rendered":"<p>Un suboficial del Ej\u00e9rcito muri\u00f3 en medio una balacera registrada esta madrugada en Senkata en El Alto. Seg\u00fan el viceministro de Lucha contra el Contrabando, Daniel Vargas, el militar junto a otros efectivos anticontrabando fueron emboscados. La autoridad relat\u00f3 que la emboscada se registr\u00f3 por el sector de las rieles de esa zona, donde veh\u00edculos [&hellip;]<\/p>\n","protected":false},"author":4,"featured_media":16027,"comment_status":"open","ping_status":"open","sticky":false,"template":"","format":"standard","meta":{"footnotes":""},"categories":[20],"tags":[],"class_list":{"0":"post-16026","1":"post","2":"type-post","3":"status-publish","4":"format-standard","5":"has-post-thumbnail","7":"category-actualidad"},"_links":{"self":[{"href":"https:\/\/jms.com.bo\/mediamonitor\/wp-json\/wp\/v2\/posts\/16026","targetHints":{"allow":["GET"]}}],"collection":[{"href":"https:\/\/jms.com.bo\/mediamonitor\/wp-json\/wp\/v2\/posts"}],"about":[{"href":"https:\/\/jms.com.bo\/mediamonitor\/wp-json\/wp\/v2\/types\/post"}],"author":[{"embeddable":true,"href":"https:\/\/jms.com.bo\/mediamonitor\/wp-json\/wp\/v2\/users\/4"}],"replies":[{"embeddable":true,"href":"https:\/\/jms.com.bo\/mediamonitor\/wp-json\/wp\/v2\/comments?post=16026"}],"version-history":[{"count":0,"href":"https:\/\/jms.com.bo\/mediamonitor\/wp-json\/wp\/v2\/posts\/16026\/revisions"}],"wp:featuredmedia":[{"embeddable":true,"href":"https:\/\/jms.com.bo\/mediamonitor\/wp-json\/wp\/v2\/media\/16027"}],"wp:attachment":[{"href":"https:\/\/jms.com.bo\/mediamonitor\/wp-json\/wp\/v2\/media?parent=16026"}],"wp:term":[{"taxonomy":"category","embeddable":true,"href":"https:\/\/jms.com.bo\/mediamonitor\/wp-json\/wp\/v2\/categories?post=16026"},{"taxonomy":"post_tag","embeddable":true,"href":"https:\/\/jms.com.bo\/mediamonitor\/wp-json\/wp\/v2\/tags?post=16026"}],"curies":[{"name":"wp","href":"https:\/\/api.w.org\/{rel}","templated":true}]}}