{"id":16699,"date":"2021-12-01T06:22:25","date_gmt":"2021-12-01T10:22:25","guid":{"rendered":"https:\/\/jms.com.bo\/mediamonitor\/2021\/12\/01\/indigenas-de-tierras-bajas-apuntan-a-recibir-ayuda-directa-de-paises-que-se-comprometieron-en-la-cumbre-de-glasgow\/"},"modified":"2021-12-01T06:22:25","modified_gmt":"2021-12-01T10:22:25","slug":"indigenas-de-tierras-bajas-apuntan-a-recibir-ayuda-directa-de-paises-que-se-comprometieron-en-la-cumbre-de-glasgow","status":"publish","type":"post","link":"https:\/\/jms.com.bo\/mediamonitor\/2021\/12\/01\/indigenas-de-tierras-bajas-apuntan-a-recibir-ayuda-directa-de-paises-que-se-comprometieron-en-la-cumbre-de-glasgow\/","title":{"rendered":"Ind\u00edgenas de tierras bajas apuntan a recibir ayuda directa de pa\u00edses que se comprometieron en la cumbre de Glasgow"},"content":{"rendered":"<p style=\"text-align: justify;\">La marcha ind\u00edgena que est\u00e1 alistando maletas en Santa Cruz de la Sierra para retornar a sus comunidades apunta a la ayuda de potencias mundiales que se comprometieron en la Cumbre Internacional sobre el Cambio Clim\u00e1tico en Glasgow (Escocia) a mediados de este mes.<\/p>\n<p style=\"text-align: justify;\">En la cita, pa\u00edses como Escocia, Reino Unido, Noruega, Alemania, Estados Unidos y los Pa\u00edses Bajos, en colaboraci\u00f3n con 17 donantes m\u00e1s, anunciaron la inversi\u00f3n de 1.700 millones de d\u00f3lares para ayudar a las comunidades ind\u00edgenas que protegen los bosques tropicales en el planeta.<\/p>\n<p style=\"text-align: justify;\">En Bolivia la marcha de originarios de tierras bajas que transit\u00f3 desde Trinidad hasta la capital cruce\u00f1a para dialogar con el Gobierno nacional (nunca los atendi\u00f3) y exponer una lista de 16 puntos dio nacimiento al Parlamento Ind\u00edgena, un organismo que est\u00e1 compuesto por representantes de 34 naciones y que ser\u00e1 clave para que mediante esta organizaci\u00f3n lo originarios accedan a la ayuda internacional.<\/p>\n<p style=\"text-align: justify;\">\u201cSe debe presentar proyectos de sostenibilidad y de mejoras en temas medioambientales y calidad de vida de los ind\u00edgenas por periodos de cinco a\u00f1os. No se sabe cu\u00e1nto ser\u00e1 el financiamiento, porque la ayuda es a todo el mundo\u201d, afirm\u00f3 a EL DEBER, Adolfo Ch\u00e1vez.<\/p>\n<p style=\"text-align: justify;\">El dirigente afirm\u00f3 que normalmente las ayudas internacionales son canalizadas mediante el Banco Mundial, el Banco Interamericano de Desarrollo y la ONG Fondo Verde Internacional. Esta \u00faltima, es una organizaci\u00f3n encargada de administrar esquemas de inversi\u00f3n con rendimiento ambiental.<\/p>\n<p style=\"text-align: justify;\">Ch\u00e1vez afirm\u00f3 que la estructura del parlamento ind\u00edgena fue basada en la Constituci\u00f3n Pol\u00edtica del Estado. \u201cSomos reconocidos como naciones multiling\u00fces y jur\u00eddicamente legales. Tomaremos autodeterminaciones como ind\u00edgenas hasta para sacarnos un carn\u00e9 de identidad\u201d, asegur\u00f3.<\/p>\n<p style=\"text-align: justify;\">El dirigente confirm\u00f3 que hasta el jueves retornar\u00e1n a sus comunidades, sin ser atendidos por el Gobierno. \u201cNo vinimos a hablar con el presidente (Luis Arce) para quejarnos, quer\u00edamos que nos reciba y escuche un planteamiento estructural, pero no \u00e9l no quiso\u201d, cerr\u00f3.<\/p>\n<p style=\"text-align: justify;\">Los originarios la tarde de este martes volvieron a sesionar y afinar algunos detalles de su Constituci\u00f3n, reglamentos y normas, que los regir\u00e1n en el Parlamento Ind\u00edgena, de reciente creaci\u00f3n.<\/p>\n","protected":false},"excerpt":{"rendered":"<p>La marcha ind\u00edgena que est\u00e1 alistando maletas en Santa Cruz de la Sierra para retornar a sus comunidades apunta a la ayuda de potencias mundiales que se comprometieron en la Cumbre Internacional sobre el Cambio Clim\u00e1tico en Glasgow (Escocia) a mediados de este mes. En la cita, pa\u00edses como Escocia, Reino Unido, Noruega, Alemania, Estados [&hellip;]<\/p>\n","protected":false},"author":4,"featured_media":0,"comment_status":"open","ping_status":"open","sticky":false,"template":"","format":"standard","meta":{"footnotes":""},"categories":[49],"tags":[],"class_list":{"0":"post-16699","1":"post","2":"type-post","3":"status-publish","4":"format-standard","6":"category-social"},"_links":{"self":[{"href":"https:\/\/jms.com.bo\/mediamonitor\/wp-json\/wp\/v2\/posts\/16699","targetHints":{"allow":["GET"]}}],"collection":[{"href":"https:\/\/jms.com.bo\/mediamonitor\/wp-json\/wp\/v2\/posts"}],"about":[{"href":"https:\/\/jms.com.bo\/mediamonitor\/wp-json\/wp\/v2\/types\/post"}],"author":[{"embeddable":true,"href":"https:\/\/jms.com.bo\/mediamonitor\/wp-json\/wp\/v2\/users\/4"}],"replies":[{"embeddable":true,"href":"https:\/\/jms.com.bo\/mediamonitor\/wp-json\/wp\/v2\/comments?post=16699"}],"version-history":[{"count":0,"href":"https:\/\/jms.com.bo\/mediamonitor\/wp-json\/wp\/v2\/posts\/16699\/revisions"}],"wp:attachment":[{"href":"https:\/\/jms.com.bo\/mediamonitor\/wp-json\/wp\/v2\/media?parent=16699"}],"wp:term":[{"taxonomy":"category","embeddable":true,"href":"https:\/\/jms.com.bo\/mediamonitor\/wp-json\/wp\/v2\/categories?post=16699"},{"taxonomy":"post_tag","embeddable":true,"href":"https:\/\/jms.com.bo\/mediamonitor\/wp-json\/wp\/v2\/tags?post=16699"}],"curies":[{"name":"wp","href":"https:\/\/api.w.org\/{rel}","templated":true}]}}