{"id":16701,"date":"2021-12-01T06:24:03","date_gmt":"2021-12-01T10:24:03","guid":{"rendered":"https:\/\/jms.com.bo\/mediamonitor\/2021\/12\/01\/medicos-no-descartan-nuevo-paro-de-48-horas-si-continua-el-amedrentamiento-contra-romulo-calvo\/"},"modified":"2021-12-01T06:24:03","modified_gmt":"2021-12-01T10:24:03","slug":"medicos-no-descartan-nuevo-paro-de-48-horas-si-continua-el-amedrentamiento-contra-romulo-calvo","status":"publish","type":"post","link":"https:\/\/jms.com.bo\/mediamonitor\/2021\/12\/01\/medicos-no-descartan-nuevo-paro-de-48-horas-si-continua-el-amedrentamiento-contra-romulo-calvo\/","title":{"rendered":"M\u00e9dicos no descartan nuevo paro (de 48 horas) si contin\u00faa el amedrentamiento contra R\u00f3mulo Calvo"},"content":{"rendered":"<p style=\"text-align: justify;\">El presidente del Colegio M\u00e9dico de Santa Cruz, Wilfredo Anzo\u00e1tegui, sali\u00f3 a rechazar las voces que censuran el paro sectorial que se impulsa en el departamento en defensa del presidente del Comit\u00e9 pro Santa Cruz, R\u00f3mulo Calvo, y no descarta una nueva movilizaci\u00f3n, esta vez ser\u00eda un par\u00f3n de 48 horas.<\/p>\n<p style=\"text-align: justify;\">\u00abQuieren que estemos calladitos. El paro (m\u00e9dico) no es solo por apoyar a un l\u00edder c\u00edvico, sino tambi\u00e9n para respaldar a un secretario gremial que ha sido acosado laboralmente y perseguido por el puesto que ocupa (en la Caja Petrolera)\u00bb, sostuvo Anzo\u00e1tegui con voz de indignaci\u00f3n durante un contacto con EL DEBER.<\/p>\n<p style=\"text-align: justify;\">Ir o no a un nuevo paro de 48 horas ser\u00e1 analizado si es que las autoridades del Gobierno que responden al Movimiento Al Socialismo (MAS) contin\u00faan con el amedrentamiento y persecuci\u00f3n contra el l\u00edder c\u00edvico. El tema ser\u00e1 abordado en una nueva reuni\u00f3n del Consejo Departamental de Salud, que se reunir\u00e1 este mi\u00e9rcoles a las 18:00 en la capital cruce\u00f1a.<\/p>\n<p style=\"text-align: justify;\">Adem\u00e1s, el malestar sectorial tambi\u00e9n ser\u00e1 expuesto al Consejo Nacional de Salud (Conasa) en una reuni\u00f3n que est\u00e1 fijada para este viernes, 3 de diciembre.<\/p>\n<p style=\"text-align: justify;\">Ante esta situaci\u00f3n, los m\u00e9dicos piden que el Comit\u00e9 convoque a una Asamblea de la Cruce\u00f1idad, ya que, as\u00ed como hoy la censura del Gobierno se centra en los m\u00e9dicos, el d\u00eda de ma\u00f1ana ser\u00e1 en contra de gremiales, juntas vecinales, transportistas o cualquier otro sector que no comulgue con el actuar del centralismo.<\/p>\n<p style=\"text-align: justify;\">El dirigente del Colegio M\u00e9dico sostuvo que la atenci\u00f3n en Emergencias y en materia de vacunaci\u00f3n se mantiene de manera normal mientras se desarrollan estas 24 horas de paro, iniciado este 30 de noviembre.<\/p>\n<p style=\"text-align: justify;\">Arremetidas del masismo<\/p>\n<p style=\"text-align: justify;\">Despu\u00e9s de que el ministro de Salud y Deportes, Jeyson Auza, advirtiera con sanciones de acuerdo a las normas que rigen en el pa\u00eds para profesionales o servidores en salud que acatan el paro convocado, otras autoridades del oficialismo salieron a arremeter contra los m\u00e9dicos.<\/p>\n<p style=\"text-align: justify;\">El senador Felix Ajpi (MAS) calific\u00f3 este martes de \u201cirresponsable\u201d el paro m\u00e9dico convocado en Santa Cruz. \u201cEs lamentable que un profesional que ha jurado defender la salud, defienda a un irresponsable; si \u00e9l (R\u00f3mulo Calvo) era un m\u00e9dico de referencia, \u00e9l ten\u00eda que ser un l\u00edder de los m\u00e9dicos guiando, con raz\u00f3n nom\u00e1s Santa Cruz soporta el 60 % de los infectados por (Covid-19). Esa clase de profesionales est\u00e1n en Santa Cruz y que defiendan lo ilegal no es correcto\u201d, indic\u00f3.<\/p>\n<p style=\"text-align: justify;\">Por su parte, el diputado Daniel Rojas lament\u00f3 que el Colegio M\u00e9dico \u00abdefienda\u00bb a quienes supuestamente cometieron irregularidades.<\/p>\n<p style=\"text-align: justify;\">\u201cEs una pena que se defienda a delincuentes que han robado al Estado a t\u00edtulo de la dirigencia, nuestro Ministro de Salud anunci\u00f3 que iniciar\u00e1 una demanda penal por atentar contra la salud, contra el pueblo boliviano; contra aquellos m\u00e9dicos que est\u00e1n intentando parar algunos centros de salud\u201d, se\u00f1al\u00f3.<\/p>\n<p style=\"text-align: justify;\">Dijo que los m\u00e9dicos que apoyan a Calvo, antes de convocar a un paro, atentando contra la salud de los cruce\u00f1os, deber\u00edan pedirle que devuelva el dinero que cobr\u00f3 sin trabajar, recursos que pueden ser utilizados para la compra de otros insumos.<\/p>\n<p style=\"text-align: justify;\">\u201cEsa plata va a servir para comprar jeringas o m\u00e1s vacunas que son necesarias en este tiempo de pandemia. Se\u00f1or Wilfredo Anzo\u00e1tegui no defienda a un delincuente, mejor d\u00edgale que devuelva la plata\u201d, insisti\u00f3.<\/p>\n","protected":false},"excerpt":{"rendered":"<p>El presidente del Colegio M\u00e9dico de Santa Cruz, Wilfredo Anzo\u00e1tegui, sali\u00f3 a rechazar las voces que censuran el paro sectorial que se impulsa en el departamento en defensa del presidente del Comit\u00e9 pro Santa Cruz, R\u00f3mulo Calvo, y no descarta una nueva movilizaci\u00f3n, esta vez ser\u00eda un par\u00f3n de 48 horas. \u00abQuieren que estemos calladitos. [&hellip;]<\/p>\n","protected":false},"author":4,"featured_media":0,"comment_status":"open","ping_status":"open","sticky":false,"template":"","format":"standard","meta":{"footnotes":""},"categories":[49],"tags":[],"class_list":{"0":"post-16701","1":"post","2":"type-post","3":"status-publish","4":"format-standard","6":"category-social"},"_links":{"self":[{"href":"https:\/\/jms.com.bo\/mediamonitor\/wp-json\/wp\/v2\/posts\/16701","targetHints":{"allow":["GET"]}}],"collection":[{"href":"https:\/\/jms.com.bo\/mediamonitor\/wp-json\/wp\/v2\/posts"}],"about":[{"href":"https:\/\/jms.com.bo\/mediamonitor\/wp-json\/wp\/v2\/types\/post"}],"author":[{"embeddable":true,"href":"https:\/\/jms.com.bo\/mediamonitor\/wp-json\/wp\/v2\/users\/4"}],"replies":[{"embeddable":true,"href":"https:\/\/jms.com.bo\/mediamonitor\/wp-json\/wp\/v2\/comments?post=16701"}],"version-history":[{"count":0,"href":"https:\/\/jms.com.bo\/mediamonitor\/wp-json\/wp\/v2\/posts\/16701\/revisions"}],"wp:attachment":[{"href":"https:\/\/jms.com.bo\/mediamonitor\/wp-json\/wp\/v2\/media?parent=16701"}],"wp:term":[{"taxonomy":"category","embeddable":true,"href":"https:\/\/jms.com.bo\/mediamonitor\/wp-json\/wp\/v2\/categories?post=16701"},{"taxonomy":"post_tag","embeddable":true,"href":"https:\/\/jms.com.bo\/mediamonitor\/wp-json\/wp\/v2\/tags?post=16701"}],"curies":[{"name":"wp","href":"https:\/\/api.w.org\/{rel}","templated":true}]}}