{"id":16705,"date":"2021-12-01T06:28:56","date_gmt":"2021-12-01T10:28:56","guid":{"rendered":"https:\/\/jms.com.bo\/mediamonitor\/2021\/12\/01\/declararan-emergencia-y-medicos-piden-reunion-debido-a-la-omicron\/"},"modified":"2021-12-01T06:28:56","modified_gmt":"2021-12-01T10:28:56","slug":"declararan-emergencia-y-medicos-piden-reunion-debido-a-la-omicron","status":"publish","type":"post","link":"https:\/\/jms.com.bo\/mediamonitor\/2021\/12\/01\/declararan-emergencia-y-medicos-piden-reunion-debido-a-la-omicron\/","title":{"rendered":"Declarar\u00e1n emergencia y m\u00e9dicos piden reuni\u00f3n debido a la \u00f3micron"},"content":{"rendered":"<p style=\"text-align: justify;\">La escalada de contagios que golpea a varios municipios cruce\u00f1os empuja a la Gobernaci\u00f3n de Santa Cruz a acelerar la declaratoria de emergencia sanitaria departamental por coronavirus a fin de contener la cuarta ola, lo que puede darse este mi\u00e9rcoles, seg\u00fan lo adelant\u00f3 el secretario de Desarrollo Humano y Salud, Fernando Pacheco.<\/p>\n<p style=\"text-align: justify;\">\u201cM\u00e1s all\u00e1 de la nueva variante, por el ascenso de casos estamos pronto a declarar, posiblemente ma\u00f1ana (por este mi\u00e9rcoles), emergencia departamental\u201d, indic\u00f3 Pacheco este martes, al indicar que la declaratoria posibilita varias medidas para contener la escalada de casos, entre ellas la activaci\u00f3n del Comit\u00e9 de Emergencia Departamental (COED) para definir nuestras estrategias y acciones, adem\u00e1s de la asignaci\u00f3n de los recursos necesarios.<\/p>\n<p style=\"text-align: justify;\">Pacheco explic\u00f3 que algunos municipios est\u00e1n en desastre por el covid-19, lo que faculta a la Gobernaci\u00f3n cruce\u00f1a a la declaratoria de emergencia sanitaria. \u201cEsto nos faculta no solamente a disponer de la parte administrativa y log\u00edstica, sino tambi\u00e9n a paliar las necesidades de nuestros municipios\u201d, indic\u00f3 Pacheco.<\/p>\n<p style=\"text-align: justify;\">Hasta el momento, los municipios de Boyuibe y Cuevo se han declarado en desastre por covid-19, mientras que Lagunillas y Vallegrande han iniciado los tr\u00e1mites para similar medida.<\/p>\n<p style=\"text-align: justify;\">El secretario de Desarrollo Humano y Salud justific\u00f3 la declaratoria de emergencia, indicando que es necesario reforzar las acciones ante el pico de la cuarta ola, previsto dentro de dos o tres semanas. La preocupaci\u00f3n de las autoridades est\u00e1 centrada en que el incremento sostenido de contagios afecta a 20 de los 56 municipios cruce\u00f1os, adem\u00e1s que la ocupaci\u00f3n de las terapias intensivas subi\u00f3 del 21% a m\u00e1s del 50% en las \u00faltimas ocho semanas.<\/p>\n<p style=\"text-align: justify;\">En tanto, con la aparici\u00f3n de la nueva variante \u00f3micron que, seg\u00fan la Organizaci\u00f3n Mundial de la Salud (OMS) es una \u201cvariante de preocupaci\u00f3n\u201d, el ministro de Salud, Jeyson Auza, descart\u00f3 por ahora el cierre sus fronteras y adelant\u00f3 que las medidas ser\u00e1n tomadas basadas en estudios, como ocurri\u00f3 con las otras variantes que amenazaron al pa\u00eds; sin embargo, insisti\u00f3 en reforzar la vacunaci\u00f3n como mejor estrategia para contener el virus.<\/p>\n<p style=\"text-align: justify;\">Sin embargo, el Colegio M\u00e9dico de Santa Cruz solicit\u00f3 una reuni\u00f3n urgente para asumir estrategias de contenci\u00f3n y considera que es necesario el cierre de fronteras.<\/p>\n<p style=\"text-align: justify;\">Dan plazo hasta el viernes para que las autoridades convoquen a una reuni\u00f3n del COED, para reforzar el sistema de salud ante la posible llegada de la variante al pa\u00eds, que este martes fue detectada en Brasil. \u201cEs urgente que nos reunamos en un COED para tomar determinaciones\u201d, indic\u00f3 Wilfredo Anzo\u00e1tegui, presidente del ente colegiado.<\/p>\n<p style=\"text-align: justify;\">Por su parte, Auza insisti\u00f3 que \u201ctodas las medidas que tomemos van a estar basadas en datos cient\u00edficos que nos permitan llegar a una decisi\u00f3n correcta, esa es una variante de preocupaci\u00f3n, pero no tiene que generar p\u00e1nico en la poblaci\u00f3n\u201d.<\/p>\n<p style=\"text-align: justify;\">Agreg\u00f3 que la OMS estableci\u00f3 que se necesitan unas cuantas semanas para establecer la virulencia, la patogenicidad de la variante y no aconsej\u00f3 el cierre de las fronteras en este momento.<\/p>\n<p style=\"text-align: justify;\">\u201cImag\u00ednese si ante el surgimiento de la nueva variante inmediatamente cerremos fronteras, no podr\u00edamos pensar en una situaci\u00f3n de reactivaci\u00f3n econ\u00f3mica. Cuando apareci\u00f3 la variante MU, que en su momento fue de preocupaci\u00f3n, demostr\u00f3 que tiene mayor contagiosidad, pero no fue m\u00e1s letal. En este sentido, antes de tomar cualquier determinaci\u00f3n primero hay que esperar que se realicen los estudios y en esa tarea estamos\u201d, recalc\u00f3 Auza.<\/p>\n<p style=\"text-align: justify;\">Al menos una decena de pa\u00edses han detectado la variante \u00f3micron, entre ellos Brasil que fue el primer pa\u00eds en Sudam\u00e9rica en registrar dos casos este martes, as\u00ed lo confirm\u00f3 la Agencia Nacional de Vigilancia Sanitaria (Anvisa). Se trata de una pareja que hab\u00eda viajado a Sud\u00e1frica, por lo que los casos son importados.<\/p>\n<p style=\"text-align: justify;\">Vacunaci\u00f3n<\/p>\n<p style=\"text-align: justify;\">El ministro de Salud insisti\u00f3 en la vacunaci\u00f3n al indicar que el Gobierno ha garantizado las dosis necesarias para cada departamento.<\/p>\n<p style=\"text-align: justify;\">\u201cNosotros hemos entregado a Santa Cruz todas las vacunas necesarias para inmunizar al 100% de su poblaci\u00f3n vacunable, pedimos que las autoridades encargadas procedan con lo que es su obligaci\u00f3n: vacunar a la poblaci\u00f3n. Como Estado garantizamos que lleguen las vacunas y es obligaci\u00f3n del Sedes que las dosis lleguen a todos sus municipios\u201d.<\/p>\n<p style=\"text-align: justify;\">Por su parte, las autoridades de salud de la Gobernaci\u00f3n indicaron que la regi\u00f3n est\u00e1 cumpliendo con su cronograma de vacunaci\u00f3n y destacaron que Santa Cruz ha superado las 2,5 millones de dosis contra el covid-19 aplicadas. Aseguraron que el departamento lleva la delantera en la vacunaci\u00f3n a escala nacional.<\/p>\n<p style=\"text-align: justify;\">A pesar de liderar las cifras totales de vacunaci\u00f3n tanto en la poblaci\u00f3n general, en adolescentes de 12 a 17 a\u00f1os y en mujeres embarazadas, el secretario de Desarrollo Humano y Salud considera que \u201cqueda mucho trabajo por recorrer\u201d y pide a los no vacunados que acudan a los centros de inmunizaci\u00f3n para recibir la dosis.<\/p>\n<p style=\"text-align: justify;\">La autoridad expresa su preocupaci\u00f3n ante la cercan\u00eda de las festividades de fin de a\u00f1o y espera que \u201cla poblaci\u00f3n no caiga en el descontrol\u201d. Por ahora \u201cestamos en un ascenso de casos, no hemos llegado al pico\u201d.<\/p>\n<p style=\"text-align: justify;\">La insistencia en las medidas de bioseguridad responde al esfuerzo de las autoridades para \u201cno saturar las emergencias\u201d con las atenciones a pacientes de gravedad.<\/p>\n<p style=\"text-align: justify;\">Pacheco se refiri\u00f3 a la aplicaci\u00f3n de la dosis de refuerzo anunciada por el Ministro de Salud el pasado viernes. \u201cEstamos esperando el instructivo para aplicar la dosis de refuerzo con la AstraZeneca\u201d, manifest\u00f3.<\/p>\n<p style=\"text-align: justify;\">El ministro Auza se\u00f1al\u00f3 que ya se autoriz\u00f3 la aplicaci\u00f3n del refuerzo en el pa\u00eds. \u201cExisten lotes de AstraZeneca que pueden ser utilizados y hemos gestionado m\u00e1s de 1 mill\u00f3n de dosis de Argentina para su reposici\u00f3n\u201d, dijo.<\/p>\n<p style=\"text-align: justify;\">Suspenden las fiestas<\/p>\n<p style=\"text-align: justify;\">Entre tanto, los municipios de provincia m\u00e1s golpeados por la pandemia han tomado medidas para contener la escalada de contagios. A las declaratorias de desastres asumidas por Cuevo y Boyuibe, se sumaron Concepci\u00f3n y Vallegrande que suspendieron su fiesta patronal y todo tipo de fiestas, respectivamente.<\/p>\n<p style=\"text-align: justify;\">Anteriormente, Cotoca tambi\u00e9n dispuso la suspensi\u00f3n de las fiestas de promoci\u00f3n ante el elevado n\u00famero de contagios.<\/p>\n<p style=\"text-align: justify;\">El alcalde de Concepci\u00f3n, Mauricio Viera, confirm\u00f3 que el municipio determin\u00f3 suspender las actividades por la Fiesta Patronal del 8 de diciembre, debido a la explosi\u00f3n de contagios de covid-19. Mientras tanto, autoridades de Vallegrande decidieron suspender las fiestas de promociones, eventos deportivos y religiosos, para frenar la expansi\u00f3n del coronavirus.<\/p>\n<p style=\"text-align: justify;\">\u201cSe har\u00e1 un acto sencillo porque el aumento de casos de coronavirus es preocupante en nuestro municipio. Me reunir\u00e9 con el Comit\u00e9 Operativo de Emergencia Departamental para ver de qu\u00e9 forma nos pueden ayudar a pelear contra este virus que nos viene golpeando\u201d, afirm\u00f3 el burgomaestre de Concepci\u00f3n.<\/p>\n<p style=\"text-align: justify;\">Viera dijo que el Concejo Municipal aprob\u00f3 una ley prohibiendo todo acontecimiento social y es obligaci\u00f3n del Ejecutivo hacerla cumplir.<\/p>\n<p style=\"text-align: justify;\">Respecto a la propuesta del director del hospital C\u00e9sar Banzer, Jhonny Monje, de encapsular Concepci\u00f3n para realizar un rastrillaje y cortar la cadena de contagios, Viera dijo que esa medida no es viable porque se est\u00e1 en plena reactivaci\u00f3n econ\u00f3mica.<\/p>\n<p style=\"text-align: justify;\">En tanto, que el Comit\u00e9 Operativo de Emergencia Municipal de Vallegrande defini\u00f3 varias medidas para frenar la expansi\u00f3n del coronavirus, entre ellas, prohibir todo tipo de fiestas de graduaci\u00f3n, religiosas, particulares, eventos deportivos, la atenci\u00f3n en karaokes, discotecas y otros centros nocturnos.<\/p>\n<p style=\"text-align: justify;\">Letalidad<\/p>\n<p style=\"text-align: justify;\">El ministro de Salud detall\u00f3 que en la primera ola de la pandemia la tasa de letalidad era de un 6,2% en el pa\u00eds, incluso siendo una de las m\u00e1s altas en el mundo, pero en la segunda oleada aplicaron estrategias que se logr\u00f3 bajar la letalidad a un 2,6%, y durante la tercera ola, donde hubo la mayor cantidad de casos, se mantuvo la letalidad por debajo de un 2,8%.<\/p>\n<p style=\"text-align: justify;\">\u201cYa son varias semanas en Santa Cruz que estamos en la elevaci\u00f3n de casos, tenemos 0,8% de letalidad, seguramente estos datos van a cambiar; sin embargo, empezar una cuarta ola que ha sido nefasta para muchos pa\u00edses, con estas cifras para nosotros es esperanzador\u201d, se\u00f1al\u00f3 Auza.<\/p>\n<p style=\"text-align: justify;\">Sobre las Sputnik V<\/p>\n<p style=\"text-align: justify;\">Por otro lado, la Gobernaci\u00f3n confirm\u00f3 que un lote de vacunas Sputnik V qued\u00f3 sin utilizar, ya que hab\u00eda entre 16.000 y 18.000 primeras dosis de esta vacuna que caducaron ayer.<\/p>\n<p style=\"text-align: justify;\">De las 865.300 dosis rusas que recibi\u00f3 el departamento de Santa Cruz como parte de la campa\u00f1a de vacunaci\u00f3n contra el covid-19, qued\u00f3 un peque\u00f1o remanente.<\/p>\n<p style=\"text-align: justify;\">El secretario de Desarrollo Humano y Salud de la Gobernaci\u00f3n indic\u00f3 que este lote representa solo el 1,6% del total de vacunas Sputnik V recibidas.<\/p>\n<p style=\"text-align: justify;\">Para Pacheco, esa es una cifra \u201cinsignificante\u201d, puesto que el 98,4% de la dosis fueron aplicadas a la poblaci\u00f3n y el remanente est\u00e1 dentro del factor de p\u00e9rdida de las vacunas.<\/p>\n<p style=\"text-align: justify;\">Pacheco indic\u00f3 que el hecho de que en su momento se cambiaron las fechas para la aplicaci\u00f3n del segundo componente de esta vacuna caus\u00f3 el desinter\u00e9s de la gente para hacerse vacunar con este biol\u00f3gico. Primero se establecieron 21 d\u00edas entre la primera y la segunda vacuna, luego el plazo se ampli\u00f3 a 90 d\u00edas y posteriormente, a 180 d\u00edas.<\/p>\n<p style=\"text-align: justify;\">\n<p style=\"text-align: justify;\">\n","protected":false},"excerpt":{"rendered":"<p>La escalada de contagios que golpea a varios municipios cruce\u00f1os empuja a la Gobernaci\u00f3n de Santa Cruz a acelerar la declaratoria de emergencia sanitaria departamental por coronavirus a fin de contener la cuarta ola, lo que puede darse este mi\u00e9rcoles, seg\u00fan lo adelant\u00f3 el secretario de Desarrollo Humano y Salud, Fernando Pacheco. \u201cM\u00e1s all\u00e1 de [&hellip;]<\/p>\n","protected":false},"author":4,"featured_media":0,"comment_status":"open","ping_status":"open","sticky":false,"template":"","format":"standard","meta":{"footnotes":""},"categories":[20],"tags":[],"class_list":{"0":"post-16705","1":"post","2":"type-post","3":"status-publish","4":"format-standard","6":"category-actualidad"},"_links":{"self":[{"href":"https:\/\/jms.com.bo\/mediamonitor\/wp-json\/wp\/v2\/posts\/16705","targetHints":{"allow":["GET"]}}],"collection":[{"href":"https:\/\/jms.com.bo\/mediamonitor\/wp-json\/wp\/v2\/posts"}],"about":[{"href":"https:\/\/jms.com.bo\/mediamonitor\/wp-json\/wp\/v2\/types\/post"}],"author":[{"embeddable":true,"href":"https:\/\/jms.com.bo\/mediamonitor\/wp-json\/wp\/v2\/users\/4"}],"replies":[{"embeddable":true,"href":"https:\/\/jms.com.bo\/mediamonitor\/wp-json\/wp\/v2\/comments?post=16705"}],"version-history":[{"count":0,"href":"https:\/\/jms.com.bo\/mediamonitor\/wp-json\/wp\/v2\/posts\/16705\/revisions"}],"wp:attachment":[{"href":"https:\/\/jms.com.bo\/mediamonitor\/wp-json\/wp\/v2\/media?parent=16705"}],"wp:term":[{"taxonomy":"category","embeddable":true,"href":"https:\/\/jms.com.bo\/mediamonitor\/wp-json\/wp\/v2\/categories?post=16705"},{"taxonomy":"post_tag","embeddable":true,"href":"https:\/\/jms.com.bo\/mediamonitor\/wp-json\/wp\/v2\/tags?post=16705"}],"curies":[{"name":"wp","href":"https:\/\/api.w.org\/{rel}","templated":true}]}}