{"id":16709,"date":"2021-12-01T06:31:49","date_gmt":"2021-12-01T10:31:49","guid":{"rendered":"https:\/\/jms.com.bo\/mediamonitor\/2021\/12\/01\/periodista-revela-irregularidad-y-la-fiscalia-lo-cita\/"},"modified":"2021-12-01T06:31:49","modified_gmt":"2021-12-01T10:31:49","slug":"periodista-revela-irregularidad-y-la-fiscalia-lo-cita","status":"publish","type":"post","link":"https:\/\/jms.com.bo\/mediamonitor\/2021\/12\/01\/periodista-revela-irregularidad-y-la-fiscalia-lo-cita\/","title":{"rendered":"Periodista revela irregularidad y la Fiscal\u00eda lo cita"},"content":{"rendered":"<p style=\"text-align: justify;\">Fue convocado dos veces, luego de sacar a la luz que las camionetas usadas por encapuchados para agredir a los vecinos que bloqueaban durante el paro multisectorial, eran bienes incautados al narcotr\u00e1fico.<\/p>\n<p style=\"text-align: justify;\">En la primera citaci\u00f3n al periodista de EL DEBER Guider Arancibia, el requerimiento present\u00f3 un defecto, ya que se lo catalogaba al mismo tiempo como testigo y como denunciado.<\/p>\n<p style=\"text-align: justify;\">A pesar de que el fiscal Roberto Ruiz reconoci\u00f3 el error, Arancibia volvi\u00f3 a ser convocado para hoy a las 15:00. Sin embargo, el periodista dijo que no se presentar\u00e1 porque no corresponde, ya que su labor est\u00e1 amparada en la Ley de Imprenta, situaci\u00f3n que dio a conocer EL DEBER al fiscal a trav\u00e9s de una representaci\u00f3n.<\/p>\n<p style=\"text-align: justify;\">\u201cEL DEBER respondi\u00f3 que nos sometemos a la Ley de Imprenta y la Fiscal\u00eda no nos ha dado respuesta. Esta no es una situaci\u00f3n habitual, es amedrentamiento al periodismo\u201d, dijo, y convoc\u00f3 a los colegas a seguir sacando a la luz todo lo que est\u00e1 en la oscuridad.<\/p>\n<p style=\"text-align: justify;\">Repudio<\/p>\n<p style=\"text-align: justify;\">Una vez que se hizo p\u00fablica la primera citaci\u00f3n, varias organizaciones manifestaron su rechazo, entre ellas la Asociaci\u00f3n de Periodistas de Santa Cruz, la Asociaci\u00f3n Nacional de la Prensa (ANP) y el Sindicato de Trabajadores del Diario EL DEBER.<\/p>\n<p style=\"text-align: justify;\">\u201cRechazamos el intento de intimidaci\u00f3n\u201d, public\u00f3 el Sindicato de EL DEBER. \u201cEs un desprop\u00f3sito y la Fiscal\u00eda no tiene competencia, atenta contra la libertad de prensa\u201d, dijo la ANP.<\/p>\n<p style=\"text-align: justify;\">\u201cCuestionamos el desconocimiento del Ministerio P\u00fablico de la Ley de Imprenta\u201d, se\u00f1ala un comunicado de la Asociaci\u00f3n de Periodistas de Santa Cruz, citando el art\u00edculo 8 de la norma.<\/p>\n","protected":false},"excerpt":{"rendered":"<p>Fue convocado dos veces, luego de sacar a la luz que las camionetas usadas por encapuchados para agredir a los vecinos que bloqueaban durante el paro multisectorial, eran bienes incautados al narcotr\u00e1fico. En la primera citaci\u00f3n al periodista de EL DEBER Guider Arancibia, el requerimiento present\u00f3 un defecto, ya que se lo catalogaba al mismo [&hellip;]<\/p>\n","protected":false},"author":4,"featured_media":0,"comment_status":"open","ping_status":"open","sticky":false,"template":"","format":"standard","meta":{"footnotes":""},"categories":[20,47,48],"tags":[],"class_list":{"0":"post-16709","1":"post","2":"type-post","3":"status-publish","4":"format-standard","6":"category-actualidad","7":"category-portada-actualidad","8":"category-portada-general-sitio"},"_links":{"self":[{"href":"https:\/\/jms.com.bo\/mediamonitor\/wp-json\/wp\/v2\/posts\/16709","targetHints":{"allow":["GET"]}}],"collection":[{"href":"https:\/\/jms.com.bo\/mediamonitor\/wp-json\/wp\/v2\/posts"}],"about":[{"href":"https:\/\/jms.com.bo\/mediamonitor\/wp-json\/wp\/v2\/types\/post"}],"author":[{"embeddable":true,"href":"https:\/\/jms.com.bo\/mediamonitor\/wp-json\/wp\/v2\/users\/4"}],"replies":[{"embeddable":true,"href":"https:\/\/jms.com.bo\/mediamonitor\/wp-json\/wp\/v2\/comments?post=16709"}],"version-history":[{"count":0,"href":"https:\/\/jms.com.bo\/mediamonitor\/wp-json\/wp\/v2\/posts\/16709\/revisions"}],"wp:attachment":[{"href":"https:\/\/jms.com.bo\/mediamonitor\/wp-json\/wp\/v2\/media?parent=16709"}],"wp:term":[{"taxonomy":"category","embeddable":true,"href":"https:\/\/jms.com.bo\/mediamonitor\/wp-json\/wp\/v2\/categories?post=16709"},{"taxonomy":"post_tag","embeddable":true,"href":"https:\/\/jms.com.bo\/mediamonitor\/wp-json\/wp\/v2\/tags?post=16709"}],"curies":[{"name":"wp","href":"https:\/\/api.w.org\/{rel}","templated":true}]}}