{"id":16711,"date":"2021-12-01T06:33:15","date_gmt":"2021-12-01T10:33:15","guid":{"rendered":"https:\/\/jms.com.bo\/mediamonitor\/2021\/12\/01\/camacho-el-mas-se-asusto-con-el-federalismo-y-movio-a-sus-grupos-de-choque-en-tarija\/"},"modified":"2021-12-01T06:33:53","modified_gmt":"2021-12-01T10:33:53","slug":"camacho-el-mas-se-asusto-con-el-federalismo-y-movio-a-sus-grupos-de-choque-en-tarija","status":"publish","type":"post","link":"https:\/\/jms.com.bo\/mediamonitor\/2021\/12\/01\/camacho-el-mas-se-asusto-con-el-federalismo-y-movio-a-sus-grupos-de-choque-en-tarija\/","title":{"rendered":"Camacho: El MAS se asust\u00f3 con el federalismo y movi\u00f3 a sus grupos de choque en Tarija"},"content":{"rendered":"<p style=\"text-align: justify;\">El gobernador de Santa Cruz, Luis Fernando Camacho, dijo que el MAS se asust\u00f3 de la propuesta del federalismo y movi\u00f3 a grupos de choque en el aeropuerto de Tarija, adonde llegaron personas con pancartas en rechazo al exc\u00edvico e incluso hubo momentos de tensi\u00f3n, seg\u00fan el reporte del canal estatal Bolivia TV.<\/p>\n<p style=\"text-align: justify;\">\u201cSi necesit\u00e1bamos una prueba de que el masismo se asust\u00f3 con el federalismo, aqu\u00ed la tenemos. Movieron sus grupos de choque al aeropuerto de Tarija para impedir que realicemos ma\u00f1ana un conversatorio sobre el Modelo de Estado Federal. Tienen miedo y por eso se vuelven m\u00e1s violentos, pero no lograr\u00e1n nada, el masismo es un proyecto agotado\u201d, public\u00f3 Camacho en su cuenta de Facebook.<\/p>\n<p style=\"text-align: justify;\">El l\u00edder de la alianza Creemos arrib\u00f3 esta noche a la ciudad tarije\u00f1a para participar ma\u00f1ana del primer Encuentro Nacional de Federalismo, que se realiza con el apoyo de la Universidad Aut\u00f3noma Juan Misael Saracho (UAJMS), inform\u00f3 El Pa\u00eds de Tarija.<\/p>\n","protected":false},"excerpt":{"rendered":"<p>El gobernador de Santa Cruz, Luis Fernando Camacho, dijo que el MAS se asust\u00f3 de la propuesta del federalismo y movi\u00f3 a grupos de choque en el aeropuerto de Tarija, adonde llegaron personas con pancartas en rechazo al exc\u00edvico e incluso hubo momentos de tensi\u00f3n, seg\u00fan el reporte del canal estatal Bolivia TV. \u201cSi necesit\u00e1bamos [&hellip;]<\/p>\n","protected":false},"author":4,"featured_media":0,"comment_status":"open","ping_status":"open","sticky":false,"template":"","format":"standard","meta":{"footnotes":""},"categories":[18],"tags":[],"class_list":{"0":"post-16711","1":"post","2":"type-post","3":"status-publish","4":"format-standard","6":"category-politica"},"_links":{"self":[{"href":"https:\/\/jms.com.bo\/mediamonitor\/wp-json\/wp\/v2\/posts\/16711","targetHints":{"allow":["GET"]}}],"collection":[{"href":"https:\/\/jms.com.bo\/mediamonitor\/wp-json\/wp\/v2\/posts"}],"about":[{"href":"https:\/\/jms.com.bo\/mediamonitor\/wp-json\/wp\/v2\/types\/post"}],"author":[{"embeddable":true,"href":"https:\/\/jms.com.bo\/mediamonitor\/wp-json\/wp\/v2\/users\/4"}],"replies":[{"embeddable":true,"href":"https:\/\/jms.com.bo\/mediamonitor\/wp-json\/wp\/v2\/comments?post=16711"}],"version-history":[{"count":1,"href":"https:\/\/jms.com.bo\/mediamonitor\/wp-json\/wp\/v2\/posts\/16711\/revisions"}],"predecessor-version":[{"id":16713,"href":"https:\/\/jms.com.bo\/mediamonitor\/wp-json\/wp\/v2\/posts\/16711\/revisions\/16713"}],"wp:attachment":[{"href":"https:\/\/jms.com.bo\/mediamonitor\/wp-json\/wp\/v2\/media?parent=16711"}],"wp:term":[{"taxonomy":"category","embeddable":true,"href":"https:\/\/jms.com.bo\/mediamonitor\/wp-json\/wp\/v2\/categories?post=16711"},{"taxonomy":"post_tag","embeddable":true,"href":"https:\/\/jms.com.bo\/mediamonitor\/wp-json\/wp\/v2\/tags?post=16711"}],"curies":[{"name":"wp","href":"https:\/\/api.w.org\/{rel}","templated":true}]}}