{"id":16714,"date":"2021-12-01T06:34:58","date_gmt":"2021-12-01T10:34:58","guid":{"rendered":"https:\/\/jms.com.bo\/mediamonitor\/2021\/12\/01\/gobierno-y-alcaldes-acuerdan-respeto-a-autonomias-y-crean-tres-mesas-de-trabajo\/"},"modified":"2021-12-01T06:34:58","modified_gmt":"2021-12-01T10:34:58","slug":"gobierno-y-alcaldes-acuerdan-respeto-a-autonomias-y-crean-tres-mesas-de-trabajo","status":"publish","type":"post","link":"https:\/\/jms.com.bo\/mediamonitor\/2021\/12\/01\/gobierno-y-alcaldes-acuerdan-respeto-a-autonomias-y-crean-tres-mesas-de-trabajo\/","title":{"rendered":"Gobierno y alcaldes acuerdan respeto a autonom\u00edas y crean tres mesas de trabajo"},"content":{"rendered":"<p style=\"text-align: justify;\">El presidente Luis Arce y la Asociaci\u00f3n de Municipalidades de Bolivia (AMB), compuesta por alcaldes de ciudades capitales y El Alto, se reunieron para analizar los alcances de la Ley 1407 de Desarrollo Econ\u00f3mico; acordaron el respeto a las autonom\u00edas municipales y crearon tres mesas para coordinar su trabajo.<\/p>\n<p style=\"text-align: justify;\">El encuentro tuvo lugar en la Casa Grande del Pueblo por m\u00e1s de cuatro horas. Por parte del Gobierno acompa\u00f1aron a Arce los ministros de Planificaci\u00f3n del Desarrollo, Gabriela Mendoza; de Salud, Jeyson Auza; y el viceministro de Autonom\u00edas, \u00c1lvaro Ru\u00edz. Por la AMB estuvieron los alcaldes de ciudades capitales, El Alto o representantes. A la conclusi\u00f3n del encuentro, el Gobierno y la AMB expresaron su satisfacci\u00f3n por esta reuni\u00f3n y destacaron el di\u00e1logo para la soluci\u00f3n y atenci\u00f3n de observaciones.<\/p>\n<p style=\"text-align: justify;\">Los alcaldes de ciudades capitales hab\u00edan cuestionado la Ley 1407 de Plan de Desarrollo Econ\u00f3mico y Social 2021-2025 \u00abReconstruyendo la Econom\u00eda para Vivir Bien, hacia la Industrializaci\u00f3n con Sustituci\u00f3n de Importaciones\u00bb, por considerar que esta norma vulnera las autonom\u00edas municipales.<\/p>\n<p style=\"text-align: justify;\">\u201cEst\u00e1 claro que la Ley 1407 no vulnera las autonom\u00edas, es m\u00e1s, es muy importante el nivel de coordinaci\u00f3n y concordancia que debemos tener con los niveles subnacionales, hemos escuchado tambi\u00e9n sus propuestas\u201d, sostuvo Ru\u00edz en una conferencia de prensa conjunta con los integrantes de la AMB, durante la noche de este martes.<\/p>\n<p style=\"text-align: justify;\">Acot\u00f3 que el Gobierno, en materia econ\u00f3mica, expres\u00f3 su predisposici\u00f3n para apoyar a las alcald\u00edas de ciudades capitales para conseguir cr\u00e9dito interno o externo y para acompa\u00f1arlos en la emisi\u00f3n de bonos a aquellos municipios que tengan la capacidad de hacerlo.<\/p>\n<p style=\"text-align: justify;\">Tambi\u00e9n indic\u00f3 que se estableci\u00f3 la obligatoriedad de fijar la aplicaci\u00f3n de determinadas medidas y los mecanismos de coordinaci\u00f3n, seguimiento y evaluaci\u00f3n de los mismos.<\/p>\n<p style=\"text-align: justify;\">El alcalde de Santa Cruz de la Sierra, Jhonny Fern\u00e1ndez, destac\u00f3 los logros de este encuentro. \u201cHemos analizado todos los aspectos legales de la Ley 1407, del contenido, de los ejes que tiene esta norma y hemos coincidido en que, primero, se va a respetar las autonom\u00edas, no se puede violar ning\u00fan art\u00edculo que est\u00e1 en las competencias municipales\u201d, declar\u00f3.<\/p>\n<p style=\"text-align: justify;\">A\u00f1adi\u00f3 que el Ejecutivo se comprometi\u00f3 a realizar las consultas respectivas a las alcald\u00edas si es que impulsa y aprueba normas que tengan que ver o afecten a los gobiernos municipales.<\/p>\n<p style=\"text-align: justify;\">Tanto el Gobierno como las alcald\u00edas acordaron la creaci\u00f3n de tres mesas de di\u00e1logo. En todas ellas participar\u00e1n la AMB, la Federaci\u00f3n de Asociaciones Municipales (FAM) y la Asociaci\u00f3n de Concejales y Alcaldes de Bolivia (Acobol). De parte del Gobierno, estar\u00e1n en la primera el Ministerio de Planificaci\u00f3n del Desarrollo, en la segunda el Ministerio de Salud y, en la tercera, el Ministerio de Econom\u00eda.<\/p>\n<p style=\"text-align: justify;\">En esas mesas de di\u00e1logo se tratar\u00e1n temas de econom\u00eda, como la reactivaci\u00f3n econ\u00f3mica y la lucha contra el contrabando.<\/p>\n<p style=\"text-align: justify;\">En el campo de la salud, se analizar\u00e1n la lucha contra el coronavirus. En este caso, Arce expres\u00f3 su preocupaci\u00f3n por la campa\u00f1a de vacunaci\u00f3n, debido a que faltan resultados en el trabajo con las oficinas de los Servicios Departamentales de Salud (Sedes), por lo que dej\u00f3 abierta la posibilidad de acudir a los gobiernos municipales de capitales para este trabajo, debido a que cuentan con los medios necesarios.<\/p>\n","protected":false},"excerpt":{"rendered":"<p>El presidente Luis Arce y la Asociaci\u00f3n de Municipalidades de Bolivia (AMB), compuesta por alcaldes de ciudades capitales y El Alto, se reunieron para analizar los alcances de la Ley 1407 de Desarrollo Econ\u00f3mico; acordaron el respeto a las autonom\u00edas municipales y crearon tres mesas para coordinar su trabajo. El encuentro tuvo lugar en la [&hellip;]<\/p>\n","protected":false},"author":4,"featured_media":0,"comment_status":"open","ping_status":"open","sticky":false,"template":"","format":"standard","meta":{"footnotes":""},"categories":[18],"tags":[],"class_list":{"0":"post-16714","1":"post","2":"type-post","3":"status-publish","4":"format-standard","6":"category-politica"},"_links":{"self":[{"href":"https:\/\/jms.com.bo\/mediamonitor\/wp-json\/wp\/v2\/posts\/16714","targetHints":{"allow":["GET"]}}],"collection":[{"href":"https:\/\/jms.com.bo\/mediamonitor\/wp-json\/wp\/v2\/posts"}],"about":[{"href":"https:\/\/jms.com.bo\/mediamonitor\/wp-json\/wp\/v2\/types\/post"}],"author":[{"embeddable":true,"href":"https:\/\/jms.com.bo\/mediamonitor\/wp-json\/wp\/v2\/users\/4"}],"replies":[{"embeddable":true,"href":"https:\/\/jms.com.bo\/mediamonitor\/wp-json\/wp\/v2\/comments?post=16714"}],"version-history":[{"count":0,"href":"https:\/\/jms.com.bo\/mediamonitor\/wp-json\/wp\/v2\/posts\/16714\/revisions"}],"wp:attachment":[{"href":"https:\/\/jms.com.bo\/mediamonitor\/wp-json\/wp\/v2\/media?parent=16714"}],"wp:term":[{"taxonomy":"category","embeddable":true,"href":"https:\/\/jms.com.bo\/mediamonitor\/wp-json\/wp\/v2\/categories?post=16714"},{"taxonomy":"post_tag","embeddable":true,"href":"https:\/\/jms.com.bo\/mediamonitor\/wp-json\/wp\/v2\/tags?post=16714"}],"curies":[{"name":"wp","href":"https:\/\/api.w.org\/{rel}","templated":true}]}}