{"id":16716,"date":"2021-12-01T06:36:45","date_gmt":"2021-12-01T10:36:45","guid":{"rendered":"https:\/\/jms.com.bo\/mediamonitor\/2021\/12\/01\/la-fiscalia-pide-10-anos-de-carcel-contra-anez-por-el-caso-golpe-de-estado-ii\/"},"modified":"2021-12-01T06:36:45","modified_gmt":"2021-12-01T10:36:45","slug":"la-fiscalia-pide-10-anos-de-carcel-contra-anez-por-el-caso-golpe-de-estado-ii","status":"publish","type":"post","link":"https:\/\/jms.com.bo\/mediamonitor\/2021\/12\/01\/la-fiscalia-pide-10-anos-de-carcel-contra-anez-por-el-caso-golpe-de-estado-ii\/","title":{"rendered":"La Fiscal\u00eda pide 10 a\u00f1os de c\u00e1rcel contra \u00c1\u00f1ez por el caso Golpe de Estado II"},"content":{"rendered":"<p style=\"text-align: justify;\">La Fiscal\u00eda pedir\u00e1 en el juicio oral la pena m\u00e1xima de 10 a\u00f1os de c\u00e1rcel contra la\u00a0<a href=\"https:\/\/www.la-razon.com\/nacional\/2021\/11\/30\/la-fiscalia-asegura-tener-mas-de-70-pruebas-contra-anez-y-la-llama-autoproclamada\/\" target=\"_blank\" rel=\"noreferrer noopener\">expresidente Jeanine \u00c1\u00f1ez<\/a>, por haber asumido en noviembre de 2019 la Presidencia del Senado, lo que deriv\u00f3 en la toma de la Presidencia de Bolivia, sin haber cumplido con los requisitos constitucionales y el Reglamento de Debates.<\/p>\n<p style=\"text-align: justify;\">La fiscal Lupe Zabala inform\u00f3 que la expresidenta est\u00e1 acusada por los delitos de incumplimiento de deberes y resoluciones contrarias a la Constituci\u00f3n Pol\u00edtica del Estado y las leyes en el caso Golpe de Estado II, que es la ampliaci\u00f3n del proceso Golpe de Estado I, planteado por la exdiputada del MAS Lidia Patty.<\/p>\n<p style=\"text-align: justify;\">\u201cEn este caso han sido acusados por los delitos de car\u00e1cter ordinario, delitos de incumplimiento de deberes y resoluciones contrarias a la Constituci\u00f3n y las leyes, debido a los hechos suscitados en noviembre de 2019. El Ministerio P\u00fablico ha solicitado la pena m\u00e1xima que son 10 a\u00f1os\u201d, inform\u00f3.<\/p>\n<p style=\"text-align: justify;\">La determinaci\u00f3n se da en el marco de la presentaci\u00f3n de la acusaci\u00f3n formal contra \u00c1\u00f1ez, quien se encuentra en la c\u00e1rcel desde marzo, primero por el caso Golpe de Estado I y posteriormente por el denominado proceso Golpe de Estado II.<\/p>\n<p style=\"text-align: justify;\">Seg\u00fan la investigaci\u00f3n, \u00c1\u00f1ez tom\u00f3 la presidencia del Senado en una sesi\u00f3n sin qu\u00f3rum y siendo de la fuerza minoritaria, contrario a lo que fija el Reglamento de Debates, otorgar la Presidencia a la fuerza mayoritaria, en ese caso el MAS. Luego, se autoproclam\u00f3 Presidenta de Bolivia en una sesi\u00f3n legislativa sin qu\u00f3rum.<\/p>\n<p style=\"text-align: justify;\">Desde su cuenta en Twitter, la expresidenta cuestion\u00f3 el lunes la acusaci\u00f3n formal en su contra. \u201cEl objetivo es condenar a #JeanineA\u00f1ez a cualquier precio. No les importa la independencia del \u00d3rgano Judicial, el derecho del pueblo a protestar por el fraude que cometi\u00f3 el MAS, comprobado por la OEA; no les importa haber instigado a la violencia ni destruir el pa\u00eds\u201d, sostuvo.<\/p>\n<p style=\"text-align: justify;\">El secretario de la Fiscal\u00eda General del Estado, Edwin Quispe, asegur\u00f3 este martes que se logr\u00f3 recolectar m\u00e1s de 70 pruebas y una veintena de testimonios contra la exsenadora y expresidenta, quien asumi\u00f3 el poder como resultado de reuniones de c\u00edvicos y l\u00edderes de la oposici\u00f3n tras la dimisi\u00f3n de Evo Morales, el 10 de noviembre de 2019.<\/p>\n<p style=\"text-align: justify;\">Morales dimiti\u00f3 acorralado por protestas c\u00edvicas que denunciaban fraude electoral en las justas de octubre de ese a\u00f1o, apoyadas en un informe de la OEA y que posteriormente fue puesto en duda por peritos externos, un mot\u00edn policial y la \u201csugerencia\u201d militar de dejar el cargo.<\/p>\n<p style=\"text-align: justify;\">\u201cEn ese sentido, con esta acusaci\u00f3n se concluye lo que es la parte de la etapa preliminar del proceso de investigaci\u00f3n para ya atender lo que va a ser la instancia del juicio oral correspondiente\u201d, explic\u00f3 Quispe.<\/p>\n<p style=\"text-align: justify;\">Adem\u00e1s, est\u00e1n en la lista de acusados el excomandante de las Fuerzas Armadas Williams Kaliman y de la Polic\u00eda Yuri Calder\u00f3n, ambos pr\u00f3fugos de la justicia.<\/p>\n<p style=\"text-align: justify;\">Tambi\u00e9n figuran en la acusaci\u00f3n formal Flavio Arce, excomandante de la Armada y exjefe de Estado Mayor; Carlos Orellana, excomandante de las Fuerzas Armadas; Jorge Fern\u00e1ndez, exinspector de las Fuerzas Armadas; Jorge Gonzalo Terceros, excomandante de la Fuerza A\u00e9rea Boliviana (FAB); Jorge Pastor Mendieta, excomandante del Ej\u00e9rcito; y Palmiro Jarjury, excomandante de la Armada.<\/p>\n<p style=\"text-align: justify;\">Ahora resta que la Justicia fije el inicio del juicio oral.<\/p>\n<p style=\"text-align: justify;\">La expresidenta tambi\u00e9n es investigada por la designaci\u00f3n irregular de Karina Fabiola Leiva A\u00f1ez de Ruiz, como gerente de la Empresa Boliviana de Alimentos (EBA) en 2020.<\/p>\n","protected":false},"excerpt":{"rendered":"<p>La Fiscal\u00eda pedir\u00e1 en el juicio oral la pena m\u00e1xima de 10 a\u00f1os de c\u00e1rcel contra la\u00a0expresidente Jeanine \u00c1\u00f1ez, por haber asumido en noviembre de 2019 la Presidencia del Senado, lo que deriv\u00f3 en la toma de la Presidencia de Bolivia, sin haber cumplido con los requisitos constitucionales y el Reglamento de Debates. La fiscal [&hellip;]<\/p>\n","protected":false},"author":4,"featured_media":6005,"comment_status":"open","ping_status":"open","sticky":false,"template":"","format":"standard","meta":{"footnotes":""},"categories":[18,48,46],"tags":[],"class_list":{"0":"post-16716","1":"post","2":"type-post","3":"status-publish","4":"format-standard","5":"has-post-thumbnail","7":"category-politica","8":"category-portada-general-sitio","9":"category-portada-politica"},"_links":{"self":[{"href":"https:\/\/jms.com.bo\/mediamonitor\/wp-json\/wp\/v2\/posts\/16716","targetHints":{"allow":["GET"]}}],"collection":[{"href":"https:\/\/jms.com.bo\/mediamonitor\/wp-json\/wp\/v2\/posts"}],"about":[{"href":"https:\/\/jms.com.bo\/mediamonitor\/wp-json\/wp\/v2\/types\/post"}],"author":[{"embeddable":true,"href":"https:\/\/jms.com.bo\/mediamonitor\/wp-json\/wp\/v2\/users\/4"}],"replies":[{"embeddable":true,"href":"https:\/\/jms.com.bo\/mediamonitor\/wp-json\/wp\/v2\/comments?post=16716"}],"version-history":[{"count":0,"href":"https:\/\/jms.com.bo\/mediamonitor\/wp-json\/wp\/v2\/posts\/16716\/revisions"}],"wp:featuredmedia":[{"embeddable":true,"href":"https:\/\/jms.com.bo\/mediamonitor\/wp-json\/wp\/v2\/media\/6005"}],"wp:attachment":[{"href":"https:\/\/jms.com.bo\/mediamonitor\/wp-json\/wp\/v2\/media?parent=16716"}],"wp:term":[{"taxonomy":"category","embeddable":true,"href":"https:\/\/jms.com.bo\/mediamonitor\/wp-json\/wp\/v2\/categories?post=16716"},{"taxonomy":"post_tag","embeddable":true,"href":"https:\/\/jms.com.bo\/mediamonitor\/wp-json\/wp\/v2\/tags?post=16716"}],"curies":[{"name":"wp","href":"https:\/\/api.w.org\/{rel}","templated":true}]}}