{"id":19701,"date":"2022-01-19T07:09:02","date_gmt":"2022-01-19T11:09:02","guid":{"rendered":"https:\/\/jms.com.bo\/mediamonitor\/2022\/01\/19\/brasil-llega-a-1-millon-de-consumidores-con-generacion-propia-de-energia\/"},"modified":"2022-01-19T07:09:02","modified_gmt":"2022-01-19T11:09:02","slug":"brasil-llega-a-1-millon-de-consumidores-con-generacion-propia-de-energia","status":"publish","type":"post","link":"https:\/\/jms.com.bo\/mediamonitor\/2022\/01\/19\/brasil-llega-a-1-millon-de-consumidores-con-generacion-propia-de-energia\/","title":{"rendered":"Brasil llega a 1 mill\u00f3n de consumidores con generaci\u00f3n propia de energ\u00eda"},"content":{"rendered":"<p style=\"text-align: justify;\">En los \u00faltimos a\u00f1os, la energ\u00eda solar ha sido una gran apuesta en Brasil y ha habido un fuerte crecimiento exponencial, tanto para instalaciones de peque\u00f1os consumidores, como para grandes empresas especializadas en el mercado libre de energ\u00eda.<\/p>\n<p style=\"text-align: justify;\">A principios de 2022, m\u00e1s precisamente el 7 de enero, el presidente Jair Bolsonaro sancion\u00f3 la ley del Marco Jur\u00eddico para la Generaci\u00f3n Distribuida . Seg\u00fan la evaluaci\u00f3n de Absolar, esto deber\u00eda (incluso) impulsar los negocios en Brasil.<\/p>\n<p style=\"text-align: justify;\">Consumidores brasile\u00f1os apuestan por su propia generaci\u00f3n de energ\u00eda<br \/>\nSeg\u00fan datos de la Asociaci\u00f3n Brasile\u00f1a de Energ\u00eda Solar Fotovoltaica (Absolar), Brasil super\u00f3 la marca de 1 mill\u00f3n de unidades consumidoras con generaci\u00f3n propia de energ\u00eda a partir de energ\u00eda solar. En total, las instalaciones suman 8,6 GW de potencia. \u00a1Esto resulta en cerca de dos tercios de la potencia de la hidroel\u00e9ctrica de Itaipu!<\/p>\n<p style=\"text-align: justify;\">Absolar avanza que la mayor parte de la generaci\u00f3n propia de energ\u00eda solar se encuentra en los hogares, representando el 76,6% de los consumidores. Luego vienen los sectores de comercio y servicios con 13,4%, productores rurales con 7,6%, industrias con 2,1%, gobierno con 0,3%, servicios p\u00fablicos con 0,03% y alumbrado p\u00fablico con 0,01%.<\/p>\n<p style=\"text-align: justify;\">\u00bfCu\u00e1l es la expectativa futura?<\/p>\n<p style=\"text-align: justify;\">Para este a\u00f1o, la gran expectativa es que se sumen m\u00e1s de 11,9 GW en potencia, tanto para peque\u00f1os consumidores como para grandes empresas. Se recuerda que el valor alcanzado anteriormente fue de 13 GW. Seg\u00fan la Asociaci\u00f3n Brasile\u00f1a de Energ\u00eda Solar Fotovoltaica, est\u00e1n previstas inversiones de R$ 50,8 mil millones, de los cuales R$ 40,6 mil millones corresponden a generaci\u00f3n distribuida.<\/p>\n<p style=\"text-align: justify;\">\u201c De los m\u00e1s de 89 millones de consumidores de electricidad en el pa\u00eds, solo el 1,1% ya utiliza el sol para producir energ\u00eda limpia, renovable y competitiva \u201d, destaca Absolar. En otras palabras, aunque se est\u00e1 dando una expansi\u00f3n exponencial, la verdad es que Brasil todav\u00eda est\u00e1 rezagado en la adopci\u00f3n de tecnolog\u00eda.<\/p>\n<p style=\"text-align: justify;\">Absolar pronostica que en 2022 la energ\u00eda solar se duplicar\u00e1 en relaci\u00f3n a la capacidad instalada (respecto a 2021), impulsando la b\u00fasqueda de alternativas por parte de los peque\u00f1os consumidores para reducir los gastos mensuales con la factura el\u00e9ctrica y el nuevo marco legal.<\/p>\n<p style=\"text-align: justify;\">Despu\u00e9s de todo, desde 2012, la generaci\u00f3n propia de energ\u00eda solar gener\u00f3 m\u00e1s de 260 mil puestos de trabajo y fue responsable de inversiones de m\u00e1s de R$ 44,0 mil millones en Brasil. \u00a1El camino a la sustentabilidad pasa por la generaci\u00f3n de energ\u00eda limpia en el territorio nacional!<\/p>\n<p style=\"text-align: justify;\">\n","protected":false},"excerpt":{"rendered":"<p>En los \u00faltimos a\u00f1os, la energ\u00eda solar ha sido una gran apuesta en Brasil y ha habido un fuerte crecimiento exponencial, tanto para instalaciones de peque\u00f1os consumidores, como para grandes empresas especializadas en el mercado libre de energ\u00eda. A principios de 2022, m\u00e1s precisamente el 7 de enero, el presidente Jair Bolsonaro sancion\u00f3 la ley [&hellip;]<\/p>\n","protected":false},"author":4,"featured_media":0,"comment_status":"open","ping_status":"open","sticky":false,"template":"","format":"standard","meta":{"footnotes":""},"categories":[39,44,48],"tags":[],"class_list":{"0":"post-19701","1":"post","2":"type-post","3":"status-publish","4":"format-standard","6":"category-energia","7":"category-portada-energia","8":"category-portada-general-sitio"},"_links":{"self":[{"href":"https:\/\/jms.com.bo\/mediamonitor\/wp-json\/wp\/v2\/posts\/19701","targetHints":{"allow":["GET"]}}],"collection":[{"href":"https:\/\/jms.com.bo\/mediamonitor\/wp-json\/wp\/v2\/posts"}],"about":[{"href":"https:\/\/jms.com.bo\/mediamonitor\/wp-json\/wp\/v2\/types\/post"}],"author":[{"embeddable":true,"href":"https:\/\/jms.com.bo\/mediamonitor\/wp-json\/wp\/v2\/users\/4"}],"replies":[{"embeddable":true,"href":"https:\/\/jms.com.bo\/mediamonitor\/wp-json\/wp\/v2\/comments?post=19701"}],"version-history":[{"count":0,"href":"https:\/\/jms.com.bo\/mediamonitor\/wp-json\/wp\/v2\/posts\/19701\/revisions"}],"wp:attachment":[{"href":"https:\/\/jms.com.bo\/mediamonitor\/wp-json\/wp\/v2\/media?parent=19701"}],"wp:term":[{"taxonomy":"category","embeddable":true,"href":"https:\/\/jms.com.bo\/mediamonitor\/wp-json\/wp\/v2\/categories?post=19701"},{"taxonomy":"post_tag","embeddable":true,"href":"https:\/\/jms.com.bo\/mediamonitor\/wp-json\/wp\/v2\/tags?post=19701"}],"curies":[{"name":"wp","href":"https:\/\/api.w.org\/{rel}","templated":true}]}}