{"id":19759,"date":"2022-01-20T06:17:24","date_gmt":"2022-01-20T10:17:24","guid":{"rendered":"https:\/\/jms.com.bo\/mediamonitor\/2022\/01\/20\/trabajadores-en-emergencia-por-despidos-en-el-sedeca\/"},"modified":"2022-01-20T06:17:24","modified_gmt":"2022-01-20T10:17:24","slug":"trabajadores-en-emergencia-por-despidos-en-el-sedeca","status":"publish","type":"post","link":"https:\/\/jms.com.bo\/mediamonitor\/2022\/01\/20\/trabajadores-en-emergencia-por-despidos-en-el-sedeca\/","title":{"rendered":"Trabajadores en emergencia por despidos en el Sedeca"},"content":{"rendered":"<p style=\"text-align: justify;\">La tarde del mi\u00e9rcoles 20 de enero, trabajadores del Servicio Departamental de Caminos (Sedeca) han determinado declararse en emergencia por los despidos que viene realizando la Gobernaci\u00f3n de Tarija y en rechazo a las declaraciones del gobernador Oscar Montes, \u201cque va en contra de la clase obrera de este sector\u201d, indican.<\/p>\n<p style=\"text-align: justify;\">El ejecutivo del Sindicato de Trabajadores del Sedeca, Franz Ayarde, entrevistado por la P\u00e1gina Digital 365, manifest\u00f3 que se ven nuevamente \u201cda\u00f1ados en su dignidad\u201d por las aseveraciones que realiz\u00f3 el gobernador Montes.<\/p>\n<p style=\"text-align: justify;\">\u201cHay gente que se sacrifica, trabaja d\u00eda a d\u00eda, trabajadores del proyecto San Antonio que trabajan 65 horas a la semana y no puede indicar \u00e9l (gobernador), que la gente del Sedeca no servimos para nada\u201d, reclam\u00f3 Ayarde.<\/p>\n<p style=\"text-align: justify;\">El dirigente del Sedeca manifest\u00f3 que producto de la ruptura de di\u00e1logo que hubo entre la Gobernaci\u00f3n y los trabajadores, el pasado mi\u00e9rcoles han presentado la demanda ante el Ministerio de Trabajo por el despido intempestivo de los obreros del proyecto San Antonio en Bermejo.<\/p>\n<p style=\"text-align: justify;\">\u201cEstamos hablando de alrededor de 150 trabajadores, aducen ellos que es por un tema financiero y presupuestario. (\u2026) el proyecto San Antonio cuenta con 5.300.000 bolivianos, son datos oficiales del Sistema de Informaci\u00f3n y Gesti\u00f3n del Empleo P\u00fablico, entonces cuenta en la partida de salario, de transporte, de alimentaci\u00f3n, repuestos, combustibles, todo. Tiene el presupuesto\u201d, afirm\u00f3.<\/p>\n<p style=\"text-align: justify;\">Ayarde enfatiz\u00f3 que con los 5,3 millones de bolivianos que se tiene presupuestado, el proyecto puede continuar. Record\u00f3 que el a\u00f1o pasado ha sido el mismo gobernador Montes y el Director del Sedeca, quienes acudieron a San Antonio para solicitar a los trabajadores que trabajen hasta por 14 horas al d\u00eda, y les garantizaba la continuidad laboral en enero.<\/p>\n<p style=\"text-align: justify;\">\u201cResulta que ahora el Director saca un comunicado paralizando el proyecto y dejando en la calle a 150 trabajadores de la instituci\u00f3n. Adem\u00e1s, que en el pasado mes de octubre ya dejaron a otros 100 tambi\u00e9n fuera, entonces estamos viendo una masacre blanca y se trata de hacer ver a la poblaci\u00f3n tarije\u00f1a que el Sedeca no estuviese cumpliendo\u201d, dijo Ayarde.<\/p>\n<p style=\"text-align: justify;\">Asimismo, el dirigente de los trabajadores del Sedeca denunci\u00f3 que, desde mayo del 2021, cuando asume Montes como gobernador, se paralizaron todas las residencias, que son quienes se encargan del mantenimiento de la red vial departamental.<\/p>\n<p style=\"text-align: justify;\">Ayarde adelant\u00f3 que ma\u00f1ana viernes van a llevar adelante una asamblea ordinaria con todos los trabajadores, tanto de Bermejo, Entre R\u00edos, Iscayachi y el valle central, donde analizar\u00e1n las medidas que las bases determinen.<\/p>\n<p style=\"text-align: justify;\">Sobre este tema, el ejecutivo de la Central Obrera Departamental (COD), Eduardo Moreno, explic\u00f3 que est\u00e1n en comunicaci\u00f3n constante con el Sindicato de Trabajadores del Sedeca, para asumir las medidas necesarias que garanticen la \u201cestabilidad laboral de los trabajadores\u201d.<\/p>\n<p style=\"text-align: justify;\">Cabe recordar que hace unos d\u00edas atr\u00e1s, un grupo de trabajadores de esa entidad paraliz\u00f3 sus funciones por algunas horas, demandando atenci\u00f3n de la Gobernaci\u00f3n. El secretario de Gesti\u00f3n, Jorge Bacotich, indicaba que esperaba el pliego petitorio de los obreros del Sedeca para iniciar un proceso de di\u00e1logo.<\/p>\n","protected":false},"excerpt":{"rendered":"<p>La tarde del mi\u00e9rcoles 20 de enero, trabajadores del Servicio Departamental de Caminos (Sedeca) han determinado declararse en emergencia por los despidos que viene realizando la Gobernaci\u00f3n de Tarija y en rechazo a las declaraciones del gobernador Oscar Montes, \u201cque va en contra de la clase obrera de este sector\u201d, indican. El ejecutivo del Sindicato [&hellip;]<\/p>\n","protected":false},"author":4,"featured_media":0,"comment_status":"open","ping_status":"open","sticky":false,"template":"","format":"standard","meta":{"footnotes":""},"categories":[49],"tags":[],"class_list":{"0":"post-19759","1":"post","2":"type-post","3":"status-publish","4":"format-standard","6":"category-social"},"_links":{"self":[{"href":"https:\/\/jms.com.bo\/mediamonitor\/wp-json\/wp\/v2\/posts\/19759","targetHints":{"allow":["GET"]}}],"collection":[{"href":"https:\/\/jms.com.bo\/mediamonitor\/wp-json\/wp\/v2\/posts"}],"about":[{"href":"https:\/\/jms.com.bo\/mediamonitor\/wp-json\/wp\/v2\/types\/post"}],"author":[{"embeddable":true,"href":"https:\/\/jms.com.bo\/mediamonitor\/wp-json\/wp\/v2\/users\/4"}],"replies":[{"embeddable":true,"href":"https:\/\/jms.com.bo\/mediamonitor\/wp-json\/wp\/v2\/comments?post=19759"}],"version-history":[{"count":0,"href":"https:\/\/jms.com.bo\/mediamonitor\/wp-json\/wp\/v2\/posts\/19759\/revisions"}],"wp:attachment":[{"href":"https:\/\/jms.com.bo\/mediamonitor\/wp-json\/wp\/v2\/media?parent=19759"}],"wp:term":[{"taxonomy":"category","embeddable":true,"href":"https:\/\/jms.com.bo\/mediamonitor\/wp-json\/wp\/v2\/categories?post=19759"},{"taxonomy":"post_tag","embeddable":true,"href":"https:\/\/jms.com.bo\/mediamonitor\/wp-json\/wp\/v2\/tags?post=19759"}],"curies":[{"name":"wp","href":"https:\/\/api.w.org\/{rel}","templated":true}]}}