{"id":19761,"date":"2022-01-20T06:19:45","date_gmt":"2022-01-20T10:19:45","guid":{"rendered":"https:\/\/jms.com.bo\/mediamonitor\/2022\/01\/20\/trabajadores-de-cotas-protestan-por-sueldos-impagos-y-profesionales-plantean-dialogo\/"},"modified":"2022-01-20T06:19:45","modified_gmt":"2022-01-20T10:19:45","slug":"trabajadores-de-cotas-protestan-por-sueldos-impagos-y-profesionales-plantean-dialogo","status":"publish","type":"post","link":"https:\/\/jms.com.bo\/mediamonitor\/2022\/01\/20\/trabajadores-de-cotas-protestan-por-sueldos-impagos-y-profesionales-plantean-dialogo\/","title":{"rendered":"Trabajadores de Cotas protestan por sueldos impagos y profesionales plantean di\u00e1logo"},"content":{"rendered":"<p style=\"text-align: justify;\">Un grupo de trabajadores de la Cooperativa de Telecomunicaciones Santa Cruz (Cotas) llevan su segundo d\u00eda de protesta en las afueras de la oficina de la entidad, ubicada en la calle Chuquisaca. Los manifestantes reclaman sus salarios impagos, pero los profesionales de la misma instituci\u00f3n piden deponer las manifestaciones para buscar el di\u00e1logo.<\/p>\n<p style=\"text-align: justify;\">La Asociaci\u00f3n de Profesionales de Cotas emiti\u00f3 un comunicado en el que indican que ven con preocupaci\u00f3n el accionar de sus colegas, que optaron por un paro de actividades y movilizaciones en las calles. \u00abAl igual que todo el sector de telecomunicaciones, nuestra cooperativa ha sentido los efectos de la pandemia y la continuidad de servicios sin corte, lo que afect\u00f3 los ingresos econ\u00f3micos\u00bb, indican.<\/p>\n<p style=\"text-align: justify;\">Asimismo, destacan que la cooperativa fue una de las pocas entidades que no hizo recortes de personal ni reajustes de salarios, por lo que invocan a los manifestantes a determinar un cuarto intermedio y sentarse a conversar con la alta direcci\u00f3n de Cotas.<\/p>\n<p style=\"text-align: justify;\">Efectivamente, Cotas aplic\u00f3 en 2020 un riguroso plan de optimizaci\u00f3n financiera, mediante la reducci\u00f3n de los costos operativos y la renegociaci\u00f3n de los pagos con proveedores internacionales de servicios esenciales, logrando un ahorro de m\u00e1s de Bs 90 millones. Su mora mensual durante la cuarentena alcanz\u00f3 un 37% y la principal causa fue que el plan gubernamental &#8216;Manteng\u00e1monos Conectados&#8217; que redujo la facturaci\u00f3n mensual en un 17% (EL DEBER, agosto 2020).<\/p>\n<p style=\"text-align: justify;\">\u00abLa Asociaci\u00f3n de Profesionales rechaza la medida de protesta y por el contrario, se mantendr\u00e1 alerta para cuidar y hacer respetar la instituci\u00f3n\u00bb, se\u00f1ala el comunicado al que tuvo acceso EL DEBER.<\/p>\n<p style=\"text-align: justify;\">Desde Cotas se tuvo conocimiento de que ayer martes solicitaron la presencia policial para resguardar las instalaciones de la cooperativa.<\/p>\n","protected":false},"excerpt":{"rendered":"<p>Un grupo de trabajadores de la Cooperativa de Telecomunicaciones Santa Cruz (Cotas) llevan su segundo d\u00eda de protesta en las afueras de la oficina de la entidad, ubicada en la calle Chuquisaca. Los manifestantes reclaman sus salarios impagos, pero los profesionales de la misma instituci\u00f3n piden deponer las manifestaciones para buscar el di\u00e1logo. La Asociaci\u00f3n [&hellip;]<\/p>\n","protected":false},"author":4,"featured_media":0,"comment_status":"open","ping_status":"open","sticky":false,"template":"","format":"standard","meta":{"footnotes":""},"categories":[49],"tags":[],"class_list":{"0":"post-19761","1":"post","2":"type-post","3":"status-publish","4":"format-standard","6":"category-social"},"_links":{"self":[{"href":"https:\/\/jms.com.bo\/mediamonitor\/wp-json\/wp\/v2\/posts\/19761","targetHints":{"allow":["GET"]}}],"collection":[{"href":"https:\/\/jms.com.bo\/mediamonitor\/wp-json\/wp\/v2\/posts"}],"about":[{"href":"https:\/\/jms.com.bo\/mediamonitor\/wp-json\/wp\/v2\/types\/post"}],"author":[{"embeddable":true,"href":"https:\/\/jms.com.bo\/mediamonitor\/wp-json\/wp\/v2\/users\/4"}],"replies":[{"embeddable":true,"href":"https:\/\/jms.com.bo\/mediamonitor\/wp-json\/wp\/v2\/comments?post=19761"}],"version-history":[{"count":0,"href":"https:\/\/jms.com.bo\/mediamonitor\/wp-json\/wp\/v2\/posts\/19761\/revisions"}],"wp:attachment":[{"href":"https:\/\/jms.com.bo\/mediamonitor\/wp-json\/wp\/v2\/media?parent=19761"}],"wp:term":[{"taxonomy":"category","embeddable":true,"href":"https:\/\/jms.com.bo\/mediamonitor\/wp-json\/wp\/v2\/categories?post=19761"},{"taxonomy":"post_tag","embeddable":true,"href":"https:\/\/jms.com.bo\/mediamonitor\/wp-json\/wp\/v2\/tags?post=19761"}],"curies":[{"name":"wp","href":"https:\/\/api.w.org\/{rel}","templated":true}]}}