{"id":19765,"date":"2022-01-20T06:23:29","date_gmt":"2022-01-20T10:23:29","guid":{"rendered":"https:\/\/jms.com.bo\/mediamonitor\/2022\/01\/20\/colegios-particulares-dicen-que-descuentos-en-pensiones-entorpeceran-la-educacion\/"},"modified":"2022-01-20T06:23:29","modified_gmt":"2022-01-20T10:23:29","slug":"colegios-particulares-dicen-que-descuentos-en-pensiones-entorpeceran-la-educacion","status":"publish","type":"post","link":"https:\/\/jms.com.bo\/mediamonitor\/2022\/01\/20\/colegios-particulares-dicen-que-descuentos-en-pensiones-entorpeceran-la-educacion\/","title":{"rendered":"Colegios particulares dicen que descuentos en pensiones \u201centorpecer\u00e1n\u201d la educaci\u00f3n"},"content":{"rendered":"<p style=\"text-align: justify;\">La Asociaci\u00f3n Nacional de Colegios Particulares de Bolivia (Andecop) afirm\u00f3 que la medida dispuesta por el Ministerio de Educaci\u00f3n, respecto al descuento en las pensiones escolares en el sistema privado, pondr\u00e1 en peligro a este sector y \u201centorpecer\u00e1\u201d la educaci\u00f3n si siguen las peleas.<\/p>\n<p style=\"text-align: justify;\">\u201cEl a\u00f1o pasado ya hemos tenido este problema, hemos impugnado en la v\u00eda administrativa y tambi\u00e9n con recurso contencioso administrativo en el Tribunal Supremo de Justicia. (\u2026) El Ministerio de Educaci\u00f3n no tiene la competencia para disponer ese tipo de descuentos. Entonces, muy posible que tengamos que presentar y tengamos que entorpecer (la educaci\u00f3n) al dedicarnos m\u00e1s a esto, las peleas legales que a educar\u201d, manifest\u00f3 el asesor legal de Andecop, Antonio Villena, en una entrevista con en la Red Uno.<\/p>\n<p style=\"text-align: justify;\">Indic\u00f3 que las unidades escolares privadas sufren el mismo atropello desde el 2020, desde que comenz\u00f3 la pandemia de coronavirus (Covid-19) en el pa\u00eds.<\/p>\n<p style=\"text-align: justify;\">En posici\u00f3n de Genaro Dur\u00e1n, presidente de la Andecop, si la situaci\u00f3n se mantiene, los colegios privados tienen la posibilidad de entrar en quiebra y de cerrar el a\u00f1o escolar m\u00e1s antes.<\/p>\n<p style=\"text-align: justify;\">\u00abLa situaci\u00f3n es tan tensa en las instituciones privadas que estamos al borde de la quiebra y del cierre, es m\u00e1s, se va a empezar a tramitar, porque se tramita un a\u00f1o antes, el cierre de sus colegios\u00bb, dijo Dur\u00e1n.<\/p>\n<p style=\"text-align: justify;\">El martes, el Ministerio de Educaci\u00f3n dispuso, mediante la resoluci\u00f3n ministerial 0045\/2022, los descuentos en los colegios particulares de entre el 5% hasta el 30% en las pensiones en caso de aplicaci\u00f3n de las modalidades semipresencial o a distancia.<\/p>\n<p style=\"text-align: justify;\">\u201cLos montos establecidos deber ser de cumplimiento estricto en las unidades educativas privadas de todo el pa\u00eds\u201d, se lee en un comunicado de la cartera de Estado.<\/p>\n<p style=\"text-align: justify;\">Asimismo, ese comunicado se\u00f1ala que la determinaci\u00f3n se la tom\u00f3 \u201cante la ausencia de la dirigencia de la Andecop a la mesa de di\u00e1logo\u201d. Al respecto, Villena se\u00f1al\u00f3 que la \u201cinasistencia\u201d del sector se dio porque se habr\u00eda cambiado la agenda de temas que se iban a tratar en la mesa de reuni\u00f3n.<\/p>\n<p style=\"text-align: justify;\">\u201cLamentablemente el Ministerio lo que escribe con la mano lo est\u00e1 borrando con el codo, de un momento a otro\u201d, expres\u00f3 Villena.<\/p>\n<p style=\"text-align: justify;\">\n","protected":false},"excerpt":{"rendered":"<p>La Asociaci\u00f3n Nacional de Colegios Particulares de Bolivia (Andecop) afirm\u00f3 que la medida dispuesta por el Ministerio de Educaci\u00f3n, respecto al descuento en las pensiones escolares en el sistema privado, pondr\u00e1 en peligro a este sector y \u201centorpecer\u00e1\u201d la educaci\u00f3n si siguen las peleas. \u201cEl a\u00f1o pasado ya hemos tenido este problema, hemos impugnado en [&hellip;]<\/p>\n","protected":false},"author":4,"featured_media":0,"comment_status":"open","ping_status":"open","sticky":false,"template":"","format":"standard","meta":{"footnotes":""},"categories":[20],"tags":[],"class_list":{"0":"post-19765","1":"post","2":"type-post","3":"status-publish","4":"format-standard","6":"category-actualidad"},"_links":{"self":[{"href":"https:\/\/jms.com.bo\/mediamonitor\/wp-json\/wp\/v2\/posts\/19765","targetHints":{"allow":["GET"]}}],"collection":[{"href":"https:\/\/jms.com.bo\/mediamonitor\/wp-json\/wp\/v2\/posts"}],"about":[{"href":"https:\/\/jms.com.bo\/mediamonitor\/wp-json\/wp\/v2\/types\/post"}],"author":[{"embeddable":true,"href":"https:\/\/jms.com.bo\/mediamonitor\/wp-json\/wp\/v2\/users\/4"}],"replies":[{"embeddable":true,"href":"https:\/\/jms.com.bo\/mediamonitor\/wp-json\/wp\/v2\/comments?post=19765"}],"version-history":[{"count":0,"href":"https:\/\/jms.com.bo\/mediamonitor\/wp-json\/wp\/v2\/posts\/19765\/revisions"}],"wp:attachment":[{"href":"https:\/\/jms.com.bo\/mediamonitor\/wp-json\/wp\/v2\/media?parent=19765"}],"wp:term":[{"taxonomy":"category","embeddable":true,"href":"https:\/\/jms.com.bo\/mediamonitor\/wp-json\/wp\/v2\/categories?post=19765"},{"taxonomy":"post_tag","embeddable":true,"href":"https:\/\/jms.com.bo\/mediamonitor\/wp-json\/wp\/v2\/tags?post=19765"}],"curies":[{"name":"wp","href":"https:\/\/api.w.org\/{rel}","templated":true}]}}