{"id":19769,"date":"2022-01-20T06:26:58","date_gmt":"2022-01-20T10:26:58","guid":{"rendered":"https:\/\/jms.com.bo\/mediamonitor\/2022\/01\/20\/gobernador-de-potosi-anula-compra-de-41-ambulancias-pide-investigar-y-dar-con-responsables\/"},"modified":"2022-01-20T06:26:58","modified_gmt":"2022-01-20T10:26:58","slug":"gobernador-de-potosi-anula-compra-de-41-ambulancias-pide-investigar-y-dar-con-responsables","status":"publish","type":"post","link":"https:\/\/jms.com.bo\/mediamonitor\/2022\/01\/20\/gobernador-de-potosi-anula-compra-de-41-ambulancias-pide-investigar-y-dar-con-responsables\/","title":{"rendered":"Gobernador de Potos\u00ed anula compra de 41 ambulancias, pide investigar y dar con responsables"},"content":{"rendered":"<p style=\"text-align: justify;\">Luego de denunciarse una serie de irregularidades, el gobernador de Potos\u00ed, Jhonny Mamani, anul\u00f3 el contrato de compra de 41 ambulancias a una empresa cuestionada y entreg\u00f3 documentaci\u00f3n de este proceso al Viceministerio de Transparencia para que investigue y d\u00e9 con los responsables.<\/p>\n<p style=\"text-align: justify;\">Mamani, en una entrevista con radio Kollasuyo de Potos\u00ed, dijo que lleg\u00f3 a la ciudad de La Paz para entregar toda la documentaci\u00f3n de esta compra. \u201cSe est\u00e1 realizando un trabajo de investigaci\u00f3n, hemos instruido igual a la Unidad de Transparencia, para que puedan dar con los responsables. Eso no significa que el gobernador de lava las manos, eso no es as\u00ed, yo me estoy sometiendo igual (a la pesquisa) en mi calidad de funcionario p\u00fablico\u201d, afirm\u00f3.<\/p>\n<p style=\"text-align: justify;\">El Gobernador de Potos\u00ed se\u00f1al\u00f3 que el martes se hizo un an\u00e1lisis jur\u00eddico y t\u00e9cnico de este proceso, por lo que se determin\u00f3 someterse a una investigaci\u00f3n y cancelar el proceso de compra de estos veh\u00edculos que iban a estar destinados a la lucha contra el coronavirus.<\/p>\n<p style=\"text-align: justify;\">La semana pasada, la asamble\u00edsta departamental potosina Azucena Fuertes emiti\u00f3 la denuncia en contra del Gobernador de Potos\u00ed, debido a que las ambulancias a\u00fan no llegaron a Potos\u00ed, pese a que se cumpli\u00f3 el plazo de entrega.<\/p>\n<p style=\"text-align: justify;\">En esta jornada, Carlos Alarc\u00f3n, jefe de la bancada de CC en la C\u00e1mara de Diputados, identific\u00f3 al menos cuatro irregularidades en la compra de 41 ambulancias por parte de la Gobernaci\u00f3n de Potos\u00ed. La primera es que la empresa a la que se compra los veh\u00edculos, Estefals Logistics, ten\u00eda un capital de Bs 100 mil, cuando s\u00f3lo un motorizado cuesta cerca de Bs 500 mil.Acot\u00f3 que en la adjudicaci\u00f3n de las ambulancias se opt\u00f3 por Estefals Logistics cuando ofrec\u00eda el monto m\u00e1s elevado, con relaci\u00f3n a otras dos empresas que ofertaban los motorizados a menor precio.<\/p>\n<p style=\"text-align: justify;\">Otra irregularidad identificada es que la Gobernaci\u00f3n firm\u00f3 el acta de recepci\u00f3n de los veh\u00edculos cuando \u00e9stos no llegaron f\u00edsicamente.<\/p>\n<p style=\"text-align: justify;\">A ello agreg\u00f3 que la empresa importadora de veh\u00edculos present\u00f3 una direcci\u00f3n en la zona 3 de Mayo de El Alto, cuando en ese lugar no se encontr\u00f3 ninguna oficina, sino s\u00f3lo un galp\u00f3n.<\/p>\n<p style=\"text-align: justify;\">Por ese motivo, Alarc\u00f3n inform\u00f3 que por la compra irregular de las ambulancias se pidi\u00f3 un informe al mismo Gobernador de Potos\u00ed y se envi\u00f3 una nota a la Contralor\u00eda General del Estado para que intervenga en esta adquisici\u00f3n, debido a las irregularidades detectadas.<\/p>\n<p style=\"text-align: justify;\">Mamani, en esta jornada, acot\u00f3 que de todas maneas insistir\u00e1 en la compra de ambulancias para beneficio de la poblaci\u00f3n potosina.<\/p>\n","protected":false},"excerpt":{"rendered":"<p>Luego de denunciarse una serie de irregularidades, el gobernador de Potos\u00ed, Jhonny Mamani, anul\u00f3 el contrato de compra de 41 ambulancias a una empresa cuestionada y entreg\u00f3 documentaci\u00f3n de este proceso al Viceministerio de Transparencia para que investigue y d\u00e9 con los responsables. Mamani, en una entrevista con radio Kollasuyo de Potos\u00ed, dijo que lleg\u00f3 [&hellip;]<\/p>\n","protected":false},"author":4,"featured_media":0,"comment_status":"open","ping_status":"open","sticky":false,"template":"","format":"standard","meta":{"footnotes":""},"categories":[18],"tags":[],"class_list":{"0":"post-19769","1":"post","2":"type-post","3":"status-publish","4":"format-standard","6":"category-politica"},"_links":{"self":[{"href":"https:\/\/jms.com.bo\/mediamonitor\/wp-json\/wp\/v2\/posts\/19769","targetHints":{"allow":["GET"]}}],"collection":[{"href":"https:\/\/jms.com.bo\/mediamonitor\/wp-json\/wp\/v2\/posts"}],"about":[{"href":"https:\/\/jms.com.bo\/mediamonitor\/wp-json\/wp\/v2\/types\/post"}],"author":[{"embeddable":true,"href":"https:\/\/jms.com.bo\/mediamonitor\/wp-json\/wp\/v2\/users\/4"}],"replies":[{"embeddable":true,"href":"https:\/\/jms.com.bo\/mediamonitor\/wp-json\/wp\/v2\/comments?post=19769"}],"version-history":[{"count":0,"href":"https:\/\/jms.com.bo\/mediamonitor\/wp-json\/wp\/v2\/posts\/19769\/revisions"}],"wp:attachment":[{"href":"https:\/\/jms.com.bo\/mediamonitor\/wp-json\/wp\/v2\/media?parent=19769"}],"wp:term":[{"taxonomy":"category","embeddable":true,"href":"https:\/\/jms.com.bo\/mediamonitor\/wp-json\/wp\/v2\/categories?post=19769"},{"taxonomy":"post_tag","embeddable":true,"href":"https:\/\/jms.com.bo\/mediamonitor\/wp-json\/wp\/v2\/tags?post=19769"}],"curies":[{"name":"wp","href":"https:\/\/api.w.org\/{rel}","templated":true}]}}