{"id":19771,"date":"2022-01-20T06:29:21","date_gmt":"2022-01-20T10:29:21","guid":{"rendered":"https:\/\/jms.com.bo\/mediamonitor\/2022\/01\/20\/filtran-declaraciones-testigos-declararon-que-medalla-presidencial-impuesta-a-anez-fue-tramitada-con-ordenes-verbales\/"},"modified":"2022-01-20T06:29:21","modified_gmt":"2022-01-20T10:29:21","slug":"filtran-declaraciones-testigos-declararon-que-medalla-presidencial-impuesta-a-anez-fue-tramitada-con-ordenes-verbales","status":"publish","type":"post","link":"https:\/\/jms.com.bo\/mediamonitor\/2022\/01\/20\/filtran-declaraciones-testigos-declararon-que-medalla-presidencial-impuesta-a-anez-fue-tramitada-con-ordenes-verbales\/","title":{"rendered":"Filtran declaraciones: testigos declararon que medalla presidencial impuesta a \u00c1\u00f1ez fue tramitada con \u00f3rdenes verbales"},"content":{"rendered":"<p style=\"text-align: justify;\">Tanto la orden de retiro de la medalla presidencial de las b\u00f3vedas del Banco Central de Bolivia (BCB), como la entrega de la presea a los militares que llegaron de palacio de Gobierno, en noviembre de 2019, fueron tramitadas con \u00f3rdenes verbales, as\u00ed lo refieren las declaraciones de los testigos que declararon ante la Fiscal\u00eda y que han sido hechas p\u00fablicas poco antes que se inicie el juicio del caso golpe II contra Jeanine \u00c1\u00f1ez y ocho jefes militares.<\/p>\n<p style=\"text-align: justify;\">\u201cEn esas fechas no exist\u00eda un normal funcionamiento de las oficinas por los conflictos sociales, la hoja de ruta BCB-HRE-TGL-2019-17528 fue regularizada posteriormente, sin embargo, el presidente del BCB autoriz\u00f3 de forma verbal el retiro de la medalla para posteriormente subsanar la hoja de ruta\u201d, declar\u00f3 la supervisora contable y valores en custodia, del BCB, Lidice Morales, ante los fiscales el 16 de noviembre del pasado a\u00f1o.<\/p>\n<p style=\"text-align: justify;\">Asimismo, el coronel Marko L\u00f3pez Sanzetenea, quien se desempe\u00f1aba como jefe de edecanes de la Casa Militar en 2019, tambi\u00e9n prest\u00f3 su declaraci\u00f3n ante los fiscales el 22 de noviembre de 2021 y en ese documento, el jefe militar asegur\u00f3 que el pedido para retirar la medalla presidencial fue una orden verbal del jefe de la Casa Militar de ese entonces.<\/p>\n<p style=\"text-align: justify;\">\u201cEl retiro de la medalla presidencial fue por \u00f3rdenes verbales del Jefe de la Casa Militar, general, Milton Navia Escalera, con la finalidad de tomar previsiones de una posible utilizaci\u00f3n, ante la coyuntura pol\u00edtica que viv\u00eda el pa\u00eds. Dicha previsi\u00f3n \u00fanicamente era potestad del general Navia Escalera, ya que el superior en jerarqu\u00eda del general Navia era el Ministro de la Presidencia\u201d, declar\u00f3 L\u00f3pez Sanzetenea ante la comisi\u00f3n de fiscales.<\/p>\n<p style=\"text-align: justify;\">La Fiscal\u00eda present\u00f3 la acusaci\u00f3n formal contra la expresidenta, Jeanine \u00c1\u00f1ez, el 29 de noviembre de 2021 por el caso golpe II y present\u00f3 como testigos a tres funcionarios del BCB y una decena de militares que trabajaron en ese entonces en palacio de Gobierno. Estas declaraciones forman parte de la acusaci\u00f3n por incumplimiento de deberes y resoluciones contrarias a la Constituci\u00f3n y las leyes.<\/p>\n<p style=\"text-align: justify;\">La supervisora contable del BCB detall\u00f3 que en noviembre de 2019 se retir\u00f3 la medalla en dos oportunidades, la primera el 5 de noviembre para que Evo Morales asista a un aniversario de la Armada Boliviana y fue el mayor Rolando Gallardo el encargado de ese retiro.<\/p>\n<p style=\"text-align: justify;\">La segunda oportunidad fue el 11 de noviembre, un d\u00eda despu\u00e9s de la renuncia de Evo Morales. Lidice Morales explic\u00f3 un largo procedimiento burocr\u00e1tico para que la medalla sea extra\u00edda de las b\u00f3vedas del banco en la que deben intervenir hasta siete personas, desde el presidente del banco, en ese entonces, Pablo Ramos, hasta la supervisora contable.<\/p>\n<p style=\"text-align: justify;\">\n","protected":false},"excerpt":{"rendered":"<p>Tanto la orden de retiro de la medalla presidencial de las b\u00f3vedas del Banco Central de Bolivia (BCB), como la entrega de la presea a los militares que llegaron de palacio de Gobierno, en noviembre de 2019, fueron tramitadas con \u00f3rdenes verbales, as\u00ed lo refieren las declaraciones de los testigos que declararon ante la Fiscal\u00eda [&hellip;]<\/p>\n","protected":false},"author":4,"featured_media":0,"comment_status":"open","ping_status":"open","sticky":false,"template":"","format":"standard","meta":{"footnotes":""},"categories":[18],"tags":[],"class_list":{"0":"post-19771","1":"post","2":"type-post","3":"status-publish","4":"format-standard","6":"category-politica"},"_links":{"self":[{"href":"https:\/\/jms.com.bo\/mediamonitor\/wp-json\/wp\/v2\/posts\/19771","targetHints":{"allow":["GET"]}}],"collection":[{"href":"https:\/\/jms.com.bo\/mediamonitor\/wp-json\/wp\/v2\/posts"}],"about":[{"href":"https:\/\/jms.com.bo\/mediamonitor\/wp-json\/wp\/v2\/types\/post"}],"author":[{"embeddable":true,"href":"https:\/\/jms.com.bo\/mediamonitor\/wp-json\/wp\/v2\/users\/4"}],"replies":[{"embeddable":true,"href":"https:\/\/jms.com.bo\/mediamonitor\/wp-json\/wp\/v2\/comments?post=19771"}],"version-history":[{"count":0,"href":"https:\/\/jms.com.bo\/mediamonitor\/wp-json\/wp\/v2\/posts\/19771\/revisions"}],"wp:attachment":[{"href":"https:\/\/jms.com.bo\/mediamonitor\/wp-json\/wp\/v2\/media?parent=19771"}],"wp:term":[{"taxonomy":"category","embeddable":true,"href":"https:\/\/jms.com.bo\/mediamonitor\/wp-json\/wp\/v2\/categories?post=19771"},{"taxonomy":"post_tag","embeddable":true,"href":"https:\/\/jms.com.bo\/mediamonitor\/wp-json\/wp\/v2\/tags?post=19771"}],"curies":[{"name":"wp","href":"https:\/\/api.w.org\/{rel}","templated":true}]}}