{"id":19773,"date":"2022-01-20T06:30:37","date_gmt":"2022-01-20T10:30:37","guid":{"rendered":"https:\/\/jms.com.bo\/mediamonitor\/2022\/01\/20\/sube-a-46-y-55-presencia-de-mujeres-en-el-legislativo-40-denuncia-acoso-y-violencia-varias-veces\/"},"modified":"2022-01-20T06:30:37","modified_gmt":"2022-01-20T10:30:37","slug":"sube-a-46-y-55-presencia-de-mujeres-en-el-legislativo-40-denuncia-acoso-y-violencia-varias-veces","status":"publish","type":"post","link":"https:\/\/jms.com.bo\/mediamonitor\/2022\/01\/20\/sube-a-46-y-55-presencia-de-mujeres-en-el-legislativo-40-denuncia-acoso-y-violencia-varias-veces\/","title":{"rendered":"Sube a 46% y 55% presencia de mujeres en el Legislativo, 40% denuncia acoso y violencia \u2018varias veces\u2019"},"content":{"rendered":"<p style=\"text-align: justify;\">Un estudio da cuenta que la participaci\u00f3n pol\u00edtica de las mujeres subi\u00f3 de 0,8% a 46% en Diputados y de 7% a 55% en el Senado en los \u00faltimos 38 a\u00f1os, mientras que el 40% denunci\u00f3 que fue v\u00edctima de acoso y violencia pol\u00edtica \u201cvarias veces\u201d.<\/p>\n<p style=\"text-align: justify;\">Los datos est\u00e1n incluidos en el informe \u201cParticipaci\u00f3n pol\u00edtica de las mujeres en el largo camino hacia la democracia paritaria intercultural\u201d, impulsado de manera conjunta por Oxfam-Bolivia, la Coordinadora de la Mujer y el Centro de Estudios Superiores Universitarios (CESU-UMSS), con financiamiento de la Uni\u00f3n Europea.<\/p>\n<p style=\"text-align: justify;\">Lourdes Montero, directora de Oxfam-Bolivia, explic\u00f3 que los resultados encontrados muestran que ha dado un salto importante en el tiempo la participaci\u00f3n de la mujer en pol\u00edtica.<\/p>\n<p style=\"text-align: justify;\">\u00abEn los \u00faltimos 38 a\u00f1os, la elecci\u00f3n de mujeres en la Asamblea Legislativa se dispar\u00f3 de 0,8% a 46% en la C\u00e1mara de Diputados y de 7% a 55% en la de Senadores, lo que demuestra, sin duda, que su participaci\u00f3n pol\u00edtica ha dado un salto importante a lo largo del tiempo\u00bb, sostuvo.<\/p>\n<p style=\"text-align: justify;\">En las candidaturas a la presidencia, alcald\u00eda y gobernaciones la situaci\u00f3n es diferente. El estudio determin\u00f3 que \u201cen 41 a\u00f1os, hubo 108 candidatos que se postularon a la presidencia del pa\u00eds y muy por debajo hemos tenido s\u00f3lo dos mujeres en presidencia, pero no por elecci\u00f3n de votos. El mismo panorama se ve en las postulaciones a alcald\u00edas, gobernaciones y concejal\u00edas\u201d.<\/p>\n<p style=\"text-align: justify;\">La investigaci\u00f3n fue desarrollada en el marco del proyecto Fortalecimiento de la democracia paritaria al interior de los partidos pol\u00edticos en Bolivia \u2013 #ParidadEsDemocracia,<\/p>\n<p style=\"text-align: justify;\">La Ley de R\u00e9gimen Electoral de junio de 2010 establece la paridad y alternancia de g\u00e9nero. El inciso a) del art\u00edculo 11 define: \u201cLas listas de candidatas y candidatos a Senadoras y Senadores, Diputadas y Diputados, Asamble\u00edstas Departamentales y Regionales, Concejalas y Concejales Municipales, y otras autoridades electivas, titulares y suplentes, respetar\u00e1n la paridad y alternancia de g\u00e9nero entre mujeres y hombres, de tal manera que exista una candidata titular mujer y, a continuaci\u00f3n, un candidato titular hombre; un candidato suplente hombre y, a continuaci\u00f3n, una candidata suplente mujer, de manera sucesiva\u201d.<\/p>\n<p style=\"text-align: justify;\">En el documento tambi\u00e9n se analiza los problemas con los que tropiezan las mujeres cuando ejercen cargos pol\u00edticos.<\/p>\n<p style=\"text-align: justify;\">\u00abConsultadas en el informe, las mujeres que ejercen cargos pol\u00edticos afirmaron en un 40% que fueron v\u00edctimas de acoso y violencia pol\u00edtica \u2018varias veces\u2019. El 33% afirma que sufri\u00f3 violencia \u2018algunas veces\u2019. Otro 9% dijo que solo una vez y el restante 19% report\u00f3 nunca haber sido violentada\u00bb, explic\u00f3 Montero.<\/p>\n<p style=\"text-align: justify;\">Desde 2012 rige en Bolivia la ley que sanciona la violencia y el acoso pol\u00edtico. Esta norma fue aprobada como consecuencia de hechos como la muerte de la concejala Juana Quispe en el municipio pace\u00f1o de Ancoraimes. El hecho hasta el momento no fue esclarecido.<\/p>\n","protected":false},"excerpt":{"rendered":"<p>Un estudio da cuenta que la participaci\u00f3n pol\u00edtica de las mujeres subi\u00f3 de 0,8% a 46% en Diputados y de 7% a 55% en el Senado en los \u00faltimos 38 a\u00f1os, mientras que el 40% denunci\u00f3 que fue v\u00edctima de acoso y violencia pol\u00edtica \u201cvarias veces\u201d. Los datos est\u00e1n incluidos en el informe \u201cParticipaci\u00f3n pol\u00edtica [&hellip;]<\/p>\n","protected":false},"author":4,"featured_media":9472,"comment_status":"open","ping_status":"open","sticky":false,"template":"","format":"standard","meta":{"footnotes":""},"categories":[18,48,46],"tags":[],"class_list":{"0":"post-19773","1":"post","2":"type-post","3":"status-publish","4":"format-standard","5":"has-post-thumbnail","7":"category-politica","8":"category-portada-general-sitio","9":"category-portada-politica"},"_links":{"self":[{"href":"https:\/\/jms.com.bo\/mediamonitor\/wp-json\/wp\/v2\/posts\/19773","targetHints":{"allow":["GET"]}}],"collection":[{"href":"https:\/\/jms.com.bo\/mediamonitor\/wp-json\/wp\/v2\/posts"}],"about":[{"href":"https:\/\/jms.com.bo\/mediamonitor\/wp-json\/wp\/v2\/types\/post"}],"author":[{"embeddable":true,"href":"https:\/\/jms.com.bo\/mediamonitor\/wp-json\/wp\/v2\/users\/4"}],"replies":[{"embeddable":true,"href":"https:\/\/jms.com.bo\/mediamonitor\/wp-json\/wp\/v2\/comments?post=19773"}],"version-history":[{"count":0,"href":"https:\/\/jms.com.bo\/mediamonitor\/wp-json\/wp\/v2\/posts\/19773\/revisions"}],"wp:featuredmedia":[{"embeddable":true,"href":"https:\/\/jms.com.bo\/mediamonitor\/wp-json\/wp\/v2\/media\/9472"}],"wp:attachment":[{"href":"https:\/\/jms.com.bo\/mediamonitor\/wp-json\/wp\/v2\/media?parent=19773"}],"wp:term":[{"taxonomy":"category","embeddable":true,"href":"https:\/\/jms.com.bo\/mediamonitor\/wp-json\/wp\/v2\/categories?post=19773"},{"taxonomy":"post_tag","embeddable":true,"href":"https:\/\/jms.com.bo\/mediamonitor\/wp-json\/wp\/v2\/tags?post=19773"}],"curies":[{"name":"wp","href":"https:\/\/api.w.org\/{rel}","templated":true}]}}