{"id":19774,"date":"2022-01-20T06:35:30","date_gmt":"2022-01-20T10:35:30","guid":{"rendered":"https:\/\/jms.com.bo\/mediamonitor\/2022\/01\/20\/comibol-suscribe-contrato-para-encarar-el-proyecto-minero-sol-de-planta-en-potosi\/"},"modified":"2022-01-20T06:35:30","modified_gmt":"2022-01-20T10:35:30","slug":"comibol-suscribe-contrato-para-encarar-el-proyecto-minero-sol-de-planta-en-potosi","status":"publish","type":"post","link":"https:\/\/jms.com.bo\/mediamonitor\/2022\/01\/20\/comibol-suscribe-contrato-para-encarar-el-proyecto-minero-sol-de-planta-en-potosi\/","title":{"rendered":"Comibol suscribe contrato para encarar el Proyecto Minero Sol de Planta en Potos\u00ed"},"content":{"rendered":"<p style=\"text-align: justify;\">La Corporaci\u00f3n Minera de Bolivia (Comibol) y la Empresa Minera Alcira S.A. suscribieron este mi\u00e9rcoles un contrato de producci\u00f3n para el \u201cProyecto Minero Sol de Plata\u201d en la provincia Cornelio Saavedra del departamento de Potos\u00ed.<\/p>\n<p style=\"text-align: justify;\">El contrato abarca toda la cadena productiva desde la exploraci\u00f3n, explotaci\u00f3n, fundici\u00f3n y refinaci\u00f3n industrial hasta la comercializaci\u00f3n de minerales.<\/p>\n<p style=\"text-align: justify;\">El gerente t\u00e9cnico y de operaciones de la Comibol, Federico Tito, inform\u00f3 que el contrato tiene una vigencia de 15 a\u00f1os, a partir de la firma, de las cuales cuatro ser\u00e1n para la etapa de exploraci\u00f3n y 11 a\u00f1os para la etapa de explotaci\u00f3n, que podr\u00e1 prorrogarse, si as\u00ed lo requieren las partes.<\/p>\n<p style=\"text-align: justify;\">A ello, el gerente general de la Empresa Minera Alcira S.A., Hern\u00e1n Uri be, expres\u00f3 su benepl\u00e1cito por llegar a un buen acuerdo con la Comibol para encarar el proyecto minero y asegur\u00f3 que el mismo coadyuvar\u00e1 al desarrollo de la regi\u00f3n y del pa\u00eds.<\/p>\n<p style=\"text-align: justify;\">Asimismo, el presidente ejecutivo de la Comibol, Eugenio Mendoza, explic\u00f3 que la alianza con la Empresa Minera Alcira apuesta a la inversi\u00f3n para consolidar un polo de desarrollo en Potos\u00ed, con la generaci\u00f3n de fuentes de trabajo, y aplicar una miner\u00eda responsable y social.<\/p>\n<p style=\"text-align: justify;\">Proyect\u00f3 que Bolivia sigue siendo minera, porque aparte de los minerales tradicionales, se tienen minerales estrat\u00e9gicos y las tierras raras. \u201cEl futuro minero del pa\u00eds es promisorio y, para ello, se necesita inversiones\u201d, dijo.<\/p>\n","protected":false},"excerpt":{"rendered":"<p>La Corporaci\u00f3n Minera de Bolivia (Comibol) y la Empresa Minera Alcira S.A. suscribieron este mi\u00e9rcoles un contrato de producci\u00f3n para el \u201cProyecto Minero Sol de Plata\u201d en la provincia Cornelio Saavedra del departamento de Potos\u00ed. El contrato abarca toda la cadena productiva desde la exploraci\u00f3n, explotaci\u00f3n, fundici\u00f3n y refinaci\u00f3n industrial hasta la comercializaci\u00f3n de minerales. [&hellip;]<\/p>\n","protected":false},"author":4,"featured_media":0,"comment_status":"open","ping_status":"open","sticky":false,"template":"","format":"standard","meta":{"footnotes":""},"categories":[25],"tags":[],"class_list":{"0":"post-19774","1":"post","2":"type-post","3":"status-publish","4":"format-standard","6":"category-economia"},"_links":{"self":[{"href":"https:\/\/jms.com.bo\/mediamonitor\/wp-json\/wp\/v2\/posts\/19774","targetHints":{"allow":["GET"]}}],"collection":[{"href":"https:\/\/jms.com.bo\/mediamonitor\/wp-json\/wp\/v2\/posts"}],"about":[{"href":"https:\/\/jms.com.bo\/mediamonitor\/wp-json\/wp\/v2\/types\/post"}],"author":[{"embeddable":true,"href":"https:\/\/jms.com.bo\/mediamonitor\/wp-json\/wp\/v2\/users\/4"}],"replies":[{"embeddable":true,"href":"https:\/\/jms.com.bo\/mediamonitor\/wp-json\/wp\/v2\/comments?post=19774"}],"version-history":[{"count":0,"href":"https:\/\/jms.com.bo\/mediamonitor\/wp-json\/wp\/v2\/posts\/19774\/revisions"}],"wp:attachment":[{"href":"https:\/\/jms.com.bo\/mediamonitor\/wp-json\/wp\/v2\/media?parent=19774"}],"wp:term":[{"taxonomy":"category","embeddable":true,"href":"https:\/\/jms.com.bo\/mediamonitor\/wp-json\/wp\/v2\/categories?post=19774"},{"taxonomy":"post_tag","embeddable":true,"href":"https:\/\/jms.com.bo\/mediamonitor\/wp-json\/wp\/v2\/tags?post=19774"}],"curies":[{"name":"wp","href":"https:\/\/api.w.org\/{rel}","templated":true}]}}