{"id":2360,"date":"2021-02-08T06:39:53","date_gmt":"2021-02-08T10:39:53","guid":{"rendered":"http:\/\/jms.com.bo\/mediamonitor\/?p=2360"},"modified":"2021-02-08T06:52:25","modified_gmt":"2021-02-08T10:52:25","slug":"peru-panama-y-bolivia-las-economias-con-mayor-rebote-economico-en-2021","status":"publish","type":"post","link":"https:\/\/jms.com.bo\/mediamonitor\/2021\/02\/08\/peru-panama-y-bolivia-las-economias-con-mayor-rebote-economico-en-2021\/","title":{"rendered":"Per\u00fa, Panam\u00e1 y Bolivia las econom\u00edas con mayor \u2018rebote\u2019 econ\u00f3mico en 2021"},"content":{"rendered":"<p>&nbsp;<\/p>\n<p>Tan fuerte ha sido la ca\u00edda de las econom\u00edas latinoamericanas en 2020 en medio de la pandemia de coronavirus que se esperan hist\u00f3ricos repuntes en 2021, pero, seg\u00fan la BBC Mundo,<strong>\u00a0no se trata de un aumento del crecimiento econ\u00f3mico, sino ser\u00e1 un \u2018efecto rebote\u2019 o de \u2018arrastre estad\u00edstico\u2019,\u00a0<\/strong>es decir, un fuerte aumento del Producto Interno Bruto (PIB) en la mayor parte de los pa\u00edses de la regi\u00f3n que compensar\u00e1 en parte el escenario actual.<\/p>\n<p>As\u00ed, la econom\u00eda peruana, por ejemplo, cerrar\u00e1 este a\u00f1o con una\u00a0<strong>ca\u00edda de su PIB cercana al 13%, pero en 2021 crecer\u00eda alrededor de 9%,\u00a0<\/strong>seg\u00fan las \u00faltimas proyecciones de la Comisi\u00f3n Econ\u00f3mica para Am\u00e9rica Latina y el Caribe (Cepal).<\/p>\n<p>Eso significa que incluso con un espectacular despegue de la actividad econ\u00f3mica,\u00a0<strong>el pa\u00eds a\u00fan estar\u00e1 lejos de volver a su nivel previo a la crisis,<\/strong>\u00a0una historia que se repetir\u00eda en la mayor parte de los pa\u00edses latinoamericanos.<\/p>\n<p>La recuperaci\u00f3n estar\u00e1 sujeta a muchas incertidumbres, como la din\u00e1mica de la pandemia, la disponibilidad de las vacunas, la capacidad de los pa\u00edses de mantener las pol\u00edticas de apoyo y lo que pase con la econom\u00eda mundial, hizo notar\u00a0<strong>Daniel Titelman, director de la Divisi\u00f3n de Desarrollo Econ\u00f3mico de la Cepal.<\/strong><\/p>\n<p>En 2020 la instituci\u00f3n proyect\u00f3 una<strong>\u00a0hist\u00f3rica ca\u00edda de la econom\u00eda regional de 7,7%, mientras que para el 2021 espera un crecimiento de 3,7.\u00a0<\/strong>Y durante esa recuperaci\u00f3n, los tres pa\u00edses que tendr\u00edan el mayor crecimiento econ\u00f3mico durante esta gesti\u00f3n ser\u00e1n:<strong>\u00a0Per\u00fa (9%), Panam\u00e1 (5,5%) y Bolivia (5,1%).<\/strong><\/p>\n<p>Si la econom\u00eda de Per\u00fa crece 9% en 2021, como ha proyectado la Cepal, se convertir\u00eda\u00a0<strong>en el pa\u00eds con el mayor despegue econ\u00f3mico de la regi\u00f3n.<\/strong><\/p>\n<p><strong>Diego Macera<\/strong>, gerente del Instituto Peruano de Econom\u00eda, en di\u00e1logo con BBC Mundo, remarc\u00f3 que si hay inversi\u00f3n privada y se crea empleo, eso va impulsa el rebote econ\u00f3mico, pero si el Congreso que ser\u00e1 este a\u00f1o se parece al de 2020, el golpe a la confianza ser\u00e1 grande.<\/p>\n<p><strong>La recuperaci\u00f3n de Panam\u00e1<\/strong><\/p>\n<p><strong>Samuel Moreno,<\/strong>\u00a0presidente del Colegio de Economistas de Panam\u00e1, sostuvo que la recuperaci\u00f3n depende de que se aclare la bruma de la pandemia y que se genere m\u00e1s confianza en la poblaci\u00f3n, para aumentar el\u00a0<strong>consumo interno y mejorar la expectativa para hacer negocios en el pa\u00eds.<\/strong><\/p>\n<p>Panam\u00e1 es el segundo pa\u00eds, despu\u00e9s de Per\u00fa, con la mayor tasa de crecimiento del PIB proyectada para 2021, seg\u00fan la Cepal. La actividad econ\u00f3mica aumentar\u00eda 5,5%, despu\u00e9s de haber experimentado uno de los\u00a0<strong>mayores desplomes econ\u00f3micos regionales este a\u00f1o, con una ca\u00edda del PIB cercano al 11%<\/strong><\/p>\n<p>Moreno precis\u00f3 que pese a los problemas causados por la pandemia,\u00a0<strong>Panam\u00e1 mantiene una buena calificaci\u00f3n de riesgo por parte de las agencias internacionales\u00a0<\/strong>algo que contribuye a la velocidad de la recuperaci\u00f3n.<\/p>\n<p><strong>Los desaf\u00edos de Bolivia<\/strong><\/p>\n<p>Bolivia ocupa el tercer lugar entre los pa\u00edses latinoamericanos que podr\u00edan tener un mayor efecto rebote de su econom\u00eda,\u00a0<strong>con un crecimiento de 5,1% en 2021, despu\u00e9s de una profunda ca\u00edda de 8% en 2020, seg\u00fan los c\u00e1lculos de la Cepal.<\/strong><\/p>\n<p>El Gobierno de\u00a0<strong>Luis Arce,<\/strong>\u00a0que inici\u00f3 su mandato el 8 de noviembre tras un largo per\u00edodo de inestabilidad pol\u00edtica en el pa\u00eds,\u00a0<strong>est\u00e1 impulsando una serie de medidas que incluyen un aumento de la inversi\u00f3n p\u00fablica, entrega de bonos y cr\u00e9ditos con bajo inter\u00e9s<\/strong>\u00a0para productores y la creaci\u00f3n de un impuesto permanente a las grandes fortunas.<\/p>\n<p>\u00ab<strong>Esperamos que las pol\u00edticas de transferencias de ingresos que se est\u00e1n llevando a cabo en Bolivia permitan activar la demanda interna\u00bb,\u00a0<\/strong>plantea Titelman y agrega que tambi\u00e9n podr\u00eda generar m\u00e1s dinamismo econ\u00f3mico el programa de recuperaci\u00f3n productiva que est\u00e1 implementando el Gobierno.<\/p>\n<p>La recuperaci\u00f3n depender\u00e1 de\u00a0<strong>si hay que tomar medidas de restricci\u00f3n de la actividad econ\u00f3mica y la movilidad de las personas,\u00a0<\/strong>le dice a BBC Mundo\u00a0<strong>Juan Antonio Morales,<\/strong>\u00a0expresidente del Banco Central y profesor de la Universidad Cat\u00f3lica Boliviana.<\/p>\n<p>Son tantos los elementos que entran en juego a la hora de analizar las perspectivas econ\u00f3micas para Am\u00e9rica Latina en 2021,<strong>\u00a0que cualquier cambio en el escenario puede transformar las proyecciones.<\/strong><\/p>\n<p>Aunque si hay algo donde existe un poco m\u00e1s de certeza,<strong>\u00a0es que faltan varios a\u00f1os para que la regi\u00f3n recupere el crecimiento econ\u00f3mico que ten\u00eda antes de la pandemia,<\/strong>\u00a0y un tiempo a\u00fan m\u00e1s largo para que mejoren los indicadores sociales.<\/p>\n<p>&nbsp;<\/p>\n","protected":false},"excerpt":{"rendered":"<p>&nbsp; Tan fuerte ha sido la ca\u00edda de las econom\u00edas latinoamericanas en 2020 en medio de la pandemia de coronavirus que se esperan hist\u00f3ricos repuntes en 2021, pero, seg\u00fan la BBC Mundo,\u00a0no se trata de un aumento del crecimiento econ\u00f3mico, sino ser\u00e1 un \u2018efecto rebote\u2019 o de \u2018arrastre estad\u00edstico\u2019,\u00a0es decir, un fuerte aumento del Producto [&hellip;]<\/p>\n","protected":false},"author":1,"featured_media":2362,"comment_status":"open","ping_status":"open","sticky":false,"template":"","format":"standard","meta":{"footnotes":""},"categories":[25],"tags":[],"class_list":{"0":"post-2360","1":"post","2":"type-post","3":"status-publish","4":"format-standard","5":"has-post-thumbnail","7":"category-economia"},"_links":{"self":[{"href":"https:\/\/jms.com.bo\/mediamonitor\/wp-json\/wp\/v2\/posts\/2360","targetHints":{"allow":["GET"]}}],"collection":[{"href":"https:\/\/jms.com.bo\/mediamonitor\/wp-json\/wp\/v2\/posts"}],"about":[{"href":"https:\/\/jms.com.bo\/mediamonitor\/wp-json\/wp\/v2\/types\/post"}],"author":[{"embeddable":true,"href":"https:\/\/jms.com.bo\/mediamonitor\/wp-json\/wp\/v2\/users\/1"}],"replies":[{"embeddable":true,"href":"https:\/\/jms.com.bo\/mediamonitor\/wp-json\/wp\/v2\/comments?post=2360"}],"version-history":[{"count":1,"href":"https:\/\/jms.com.bo\/mediamonitor\/wp-json\/wp\/v2\/posts\/2360\/revisions"}],"predecessor-version":[{"id":2364,"href":"https:\/\/jms.com.bo\/mediamonitor\/wp-json\/wp\/v2\/posts\/2360\/revisions\/2364"}],"wp:featuredmedia":[{"embeddable":true,"href":"https:\/\/jms.com.bo\/mediamonitor\/wp-json\/wp\/v2\/media\/2362"}],"wp:attachment":[{"href":"https:\/\/jms.com.bo\/mediamonitor\/wp-json\/wp\/v2\/media?parent=2360"}],"wp:term":[{"taxonomy":"category","embeddable":true,"href":"https:\/\/jms.com.bo\/mediamonitor\/wp-json\/wp\/v2\/categories?post=2360"},{"taxonomy":"post_tag","embeddable":true,"href":"https:\/\/jms.com.bo\/mediamonitor\/wp-json\/wp\/v2\/tags?post=2360"}],"curies":[{"name":"wp","href":"https:\/\/api.w.org\/{rel}","templated":true}]}}