{"id":2361,"date":"2021-02-08T06:36:42","date_gmt":"2021-02-08T10:36:42","guid":{"rendered":"http:\/\/jms.com.bo\/mediamonitor\/?p=2361"},"modified":"2021-02-08T06:36:42","modified_gmt":"2021-02-08T10:36:42","slug":"muerte-de-30-condores-aprehenden-a-un-implicado-y-gobierno-envia-especialistas","status":"publish","type":"post","link":"https:\/\/jms.com.bo\/mediamonitor\/2021\/02\/08\/muerte-de-30-condores-aprehenden-a-un-implicado-y-gobierno-envia-especialistas\/","title":{"rendered":"Muerte de 30 c\u00f3ndores: aprehenden a un implicado y Gobierno env\u00eda especialistas"},"content":{"rendered":"<p style=\"text-align: justify;\">La Polic\u00eda Fortestal y Medio Ambiente (Pofoma) aprehendi\u00f3 en las \u00faltimas horas en Tarija a un sospechoso del envenenamiento de 30 c\u00f3ndores en el Bioparque de la capital tarije\u00f1a. El viceministro de Medio Ambiente y Agua Mag\u00edn Herrera junto a expertos se traslada a esa quebrada para tomar acciones.<\/p>\n<p style=\"text-align: justify;\">Se trata de un comunario que supuestamente particip\u00f3 en el envenenamiento de los 30 c\u00f3ndores hace aproximadamente 15 d\u00edas. Los investigadores buscan a otras personas que tambi\u00e9n estar\u00edan involucradas en el delito. Mientras que el director nacional de Pofoma, Marco P\u00e9rez, corrobor\u00f3 que los cad\u00e1veres de las aves fueron halladas en un solo sector.<\/p>\n<p style=\"text-align: justify;\">Desde Tarija, el responsable de Medio Ambiente de la Gobernaci\u00f3n, Eduardo Rueda, inform\u00f3 que un equipo de especialistas ir\u00e1 hasta la quebrada para obtener m\u00e1s pistas. \u201cParece que han sido envenenados con un chivo o una oveja eso lo veremos en el lugar\u201d, indic\u00f3 Rueda.<\/p>\n<p style=\"text-align: justify;\">Por su parte, desde el Ministerio de Medio Ambiente y Agua Juan Santos Cruz se instruy\u00f3 al viceministro de Medio Ambiente, Biodiversidad, Cambio Clim\u00e1tico y de Gesti\u00f3n y Desarrollo Forestal, Mag\u00edn Herrera, que viaje a esa regi\u00f3n tarije\u00f1a junto a una \u201ccomisi\u00f3n mixta de peritos especialistas para realizar las investigaciones correspondientes del caso, e iniciar las acciones que correspondan siendo este hecho un agravio irremediable a nuestra naturaleza y nuestras especies\u201d.<\/p>\n<p style=\"text-align: justify;\">Los bi\u00f3logos Omar Rocha y Fernando Guerra dijeron a P\u00e1gina Siete, que presumiblemente los animales fueron envenenados.<\/p>\n<p style=\"text-align: justify;\">\u201cEs posible que hayan sido envenenados, las autoridades tienen que investigar, pero hay una pr\u00e1ctica en algunas comunidades rurales, que dejan animales muertos envenenados para que el c\u00f3ndor coma y tambi\u00e9n se envenene, pero 30 ejemplares es mucho para las reducidas poblaciones de c\u00f3ndores que hay en Bolivia\u201d, indic\u00f3 el bi\u00f3logo Rocha.<\/p>\n","protected":false},"excerpt":{"rendered":"<p>La Polic\u00eda Fortestal y Medio Ambiente (Pofoma) aprehendi\u00f3 en las \u00faltimas horas en Tarija a un sospechoso del envenenamiento de 30 c\u00f3ndores en el Bioparque de la capital tarije\u00f1a. El viceministro de Medio Ambiente y Agua Mag\u00edn Herrera junto a expertos se traslada a esa quebrada para tomar acciones. Se trata de un comunario que [&hellip;]<\/p>\n","protected":false},"author":4,"featured_media":2363,"comment_status":"open","ping_status":"open","sticky":false,"template":"","format":"standard","meta":{"footnotes":""},"categories":[20,47,48],"tags":[],"class_list":{"0":"post-2361","1":"post","2":"type-post","3":"status-publish","4":"format-standard","5":"has-post-thumbnail","7":"category-actualidad","8":"category-portada-actualidad","9":"category-portada-general-sitio"},"_links":{"self":[{"href":"https:\/\/jms.com.bo\/mediamonitor\/wp-json\/wp\/v2\/posts\/2361","targetHints":{"allow":["GET"]}}],"collection":[{"href":"https:\/\/jms.com.bo\/mediamonitor\/wp-json\/wp\/v2\/posts"}],"about":[{"href":"https:\/\/jms.com.bo\/mediamonitor\/wp-json\/wp\/v2\/types\/post"}],"author":[{"embeddable":true,"href":"https:\/\/jms.com.bo\/mediamonitor\/wp-json\/wp\/v2\/users\/4"}],"replies":[{"embeddable":true,"href":"https:\/\/jms.com.bo\/mediamonitor\/wp-json\/wp\/v2\/comments?post=2361"}],"version-history":[{"count":1,"href":"https:\/\/jms.com.bo\/mediamonitor\/wp-json\/wp\/v2\/posts\/2361\/revisions"}],"predecessor-version":[{"id":2366,"href":"https:\/\/jms.com.bo\/mediamonitor\/wp-json\/wp\/v2\/posts\/2361\/revisions\/2366"}],"wp:featuredmedia":[{"embeddable":true,"href":"https:\/\/jms.com.bo\/mediamonitor\/wp-json\/wp\/v2\/media\/2363"}],"wp:attachment":[{"href":"https:\/\/jms.com.bo\/mediamonitor\/wp-json\/wp\/v2\/media?parent=2361"}],"wp:term":[{"taxonomy":"category","embeddable":true,"href":"https:\/\/jms.com.bo\/mediamonitor\/wp-json\/wp\/v2\/categories?post=2361"},{"taxonomy":"post_tag","embeddable":true,"href":"https:\/\/jms.com.bo\/mediamonitor\/wp-json\/wp\/v2\/tags?post=2361"}],"curies":[{"name":"wp","href":"https:\/\/api.w.org\/{rel}","templated":true}]}}