{"id":2367,"date":"2021-02-08T06:35:20","date_gmt":"2021-02-08T10:35:20","guid":{"rendered":"http:\/\/jms.com.bo\/mediamonitor\/?p=2367"},"modified":"2021-02-08T06:52:32","modified_gmt":"2021-02-08T10:52:32","slug":"crecen-recaudaciones-por-el-iva-y-el-sin-asegura-que-la-reactivacion-se-comienza-a-sentir","status":"publish","type":"post","link":"https:\/\/jms.com.bo\/mediamonitor\/2021\/02\/08\/crecen-recaudaciones-por-el-iva-y-el-sin-asegura-que-la-reactivacion-se-comienza-a-sentir\/","title":{"rendered":"Crecen recaudaciones por el IVA y el SIN asegura que la reactivaci\u00f3n se comienza a sentir"},"content":{"rendered":"<p>El Servicio de Impuestos Nacionales (SIN), inform\u00f3 que la recaudaci\u00f3n del Impuesto al Valor Agregado (IVA Mercado Interno) creci\u00f3 4,3% en enero de 2021, respecto al mismo mes de 2020.<\/p>\n<p>En montos, en enero de 2020 (cuando el coronavirus no hab\u00eda afectado la econom\u00eda) la recaudaci\u00f3n del IVA lleg\u00f3 a Bs 970,8 millones; mientras que en el mismo mes de 2021 subi\u00f3 a Bs 1.012,8 millones.<\/p>\n<p>Mario Caz\u00f3n presidente del SIN sostuvo que este incremento es una se\u00f1al de que la econom\u00eda boliviana empieza a reactivarse por efecto de las medidas econ\u00f3micas del Gobierno.<\/p>\n<p>Citado por la agencia ABI, Caz\u00f3n, explic\u00f3 que el IVA \u201ces un indicador importante\u201d, porque \u201csi una econom\u00eda no est\u00e1 bien, es porque las ventas disminuyen y, en este caso, est\u00e1n recuperando; es un importante crecimiento\u201d.<\/p>\n<p>\u201cLa econom\u00eda est\u00e1 empezando a reaccionar con las medidas econ\u00f3micas que est\u00e1 lazando nuestro gobierno; nuestros contribuyentes, entonces, tambi\u00e9n est\u00e1n haciendo negocios, es decir, est\u00e1n comprando, est\u00e1n vendiendo y la econom\u00eda se est\u00e1 reactivando\u201d, dijo.<\/p>\n<p>El crecimiento del IVA en enero de 2021 se da en un contexto nacional y mundial complicado por la presencia del COVID-19. Pese a lo cual, Bolivia ya presenta indicadores que muestran una clara recuperaci\u00f3n de su econom\u00eda.<\/p>\n<p>Comparado con diciembre del a\u00f1o pasado, la recaudaci\u00f3n del IVA creci\u00f3 22,6%, porque en el \u00faltimo mes de 2020 se recaud\u00f3 Bs 825,8 millones.<\/p>\n<p>Bajo esta misma l\u00f3gica, la recaudaci\u00f3n del Impuesto a las Transacciones (IT) creci\u00f3 23%, es decir que en diciembre 2020 report\u00f3 Bs 357,6 millones y en enero de 2021, Bs 439,7 millones.<\/p>\n<p>&nbsp;<\/p>\n","protected":false},"excerpt":{"rendered":"<p>El Servicio de Impuestos Nacionales (SIN), inform\u00f3 que la recaudaci\u00f3n del Impuesto al Valor Agregado (IVA Mercado Interno) creci\u00f3 4,3% en enero de 2021, respecto al mismo mes de 2020. En montos, en enero de 2020 (cuando el coronavirus no hab\u00eda afectado la econom\u00eda) la recaudaci\u00f3n del IVA lleg\u00f3 a Bs 970,8 millones; mientras que [&hellip;]<\/p>\n","protected":false},"author":1,"featured_media":2027,"comment_status":"open","ping_status":"open","sticky":false,"template":"","format":"standard","meta":{"footnotes":""},"categories":[25],"tags":[],"class_list":{"0":"post-2367","1":"post","2":"type-post","3":"status-publish","4":"format-standard","5":"has-post-thumbnail","7":"category-economia"},"_links":{"self":[{"href":"https:\/\/jms.com.bo\/mediamonitor\/wp-json\/wp\/v2\/posts\/2367","targetHints":{"allow":["GET"]}}],"collection":[{"href":"https:\/\/jms.com.bo\/mediamonitor\/wp-json\/wp\/v2\/posts"}],"about":[{"href":"https:\/\/jms.com.bo\/mediamonitor\/wp-json\/wp\/v2\/types\/post"}],"author":[{"embeddable":true,"href":"https:\/\/jms.com.bo\/mediamonitor\/wp-json\/wp\/v2\/users\/1"}],"replies":[{"embeddable":true,"href":"https:\/\/jms.com.bo\/mediamonitor\/wp-json\/wp\/v2\/comments?post=2367"}],"version-history":[{"count":1,"href":"https:\/\/jms.com.bo\/mediamonitor\/wp-json\/wp\/v2\/posts\/2367\/revisions"}],"predecessor-version":[{"id":2368,"href":"https:\/\/jms.com.bo\/mediamonitor\/wp-json\/wp\/v2\/posts\/2367\/revisions\/2368"}],"wp:featuredmedia":[{"embeddable":true,"href":"https:\/\/jms.com.bo\/mediamonitor\/wp-json\/wp\/v2\/media\/2027"}],"wp:attachment":[{"href":"https:\/\/jms.com.bo\/mediamonitor\/wp-json\/wp\/v2\/media?parent=2367"}],"wp:term":[{"taxonomy":"category","embeddable":true,"href":"https:\/\/jms.com.bo\/mediamonitor\/wp-json\/wp\/v2\/categories?post=2367"},{"taxonomy":"post_tag","embeddable":true,"href":"https:\/\/jms.com.bo\/mediamonitor\/wp-json\/wp\/v2\/tags?post=2367"}],"curies":[{"name":"wp","href":"https:\/\/api.w.org\/{rel}","templated":true}]}}