{"id":2372,"date":"2021-02-08T06:46:15","date_gmt":"2021-02-08T10:46:15","guid":{"rendered":"http:\/\/jms.com.bo\/mediamonitor\/?p=2372"},"modified":"2021-02-08T06:51:19","modified_gmt":"2021-02-08T10:51:19","slug":"tarija-proyecto-de-electrificacion-llegara-a-51-barrios","status":"publish","type":"post","link":"https:\/\/jms.com.bo\/mediamonitor\/2021\/02\/08\/tarija-proyecto-de-electrificacion-llegara-a-51-barrios\/","title":{"rendered":"Tarija: Proyecto de electrificaci\u00f3n llegar\u00e1 a 51 barrios"},"content":{"rendered":"<p>Son 51 barrios y comunidades de los municipios de Cercado, Entre R\u00edos, San Lorenzo, El Puente y Yunchar\u00e1 se beneficiar\u00e1n con el proyecto de ampliaci\u00f3n de red de energ\u00eda el\u00e9ctrica en el departamento que ejecuta la Gobernaci\u00f3n a trav\u00e9s de Servicios El\u00e9ctricos Tarija (Setar).<\/p>\n<p>El gobernador de Tarija, Adri\u00e1n Oliva, tras sostener una reuni\u00f3n con los beneficiarios la semana pasada, detall\u00f3 que en Cercado el proyecto de electrificaci\u00f3n que est\u00e1 en fase de licitaci\u00f3n, llegar\u00e1 a 36 barrios, en Entre R\u00edos a nueve barrios y comunidades, en El Puente tres comunidades, Yunchar\u00e1 una comunidad y una en San Lorenzo.<\/p>\n<p>\u201cQuiero pedir que los cambios pol\u00edticos o decisiones pol\u00edticas no nos afecten, y que entendamos que lo que se juega es un servicio b\u00e1sico, esto no tiene color pol\u00edtico, esto no es ni de un partido ni de otro, esto es de las comunidades y de los barrios. Les pido a ustedes (vecinos) que defiendan su proyecto y no permitan que los temas pol\u00edticos afecten la ejecuci\u00f3n de este tipo de proyectos\u201d.<\/p>\n<p>Oliva record\u00f3 que este es el segundo proyecto de esta \u00edndole que ejecuta durante su gesti\u00f3n, ya que con el primero se lleg\u00f3 con energ\u00eda el\u00e9ctrica a 40 barrios y comunidades del valle central de Tarija. Mientras que con esta segunda iniciativa se llegar\u00e1 a 51 barrios y comunidades.<\/p>\n<p>Por su parte, el presidente del barrio Alto San Mateo, Miguel Sandoval, destac\u00f3 las gestiones para dar curso a una sentida necesidad de barrios y comunidades del departamento de Tarija.<\/p>\n<p>\u201cNosotros nos sentimos agradecidos por su gesti\u00f3n del Gobernador, en mi barrio faltaba energ\u00eda y ahora vemos que ya est\u00e1 contemplado en este proyecto, y es por eso que nosotros agradecemos la gesti\u00f3n y pedimos seguir trabajando en coordinaci\u00f3n la gesti\u00f3n, y tiene que continuar otra gesti\u00f3n m\u00e1s para apalancar todos esos proyectos que todav\u00eda est\u00e1n pendientes, como el gas, que est\u00e1n para continuar trabajando\u201d.<\/p>\n<p>Sandoval tambi\u00e9n destac\u00f3 las gestiones realizadas por el concejal municipal de Cercado, Alan Echart, quien junto al Gobernador, han permitido que m\u00e1s de 30 barrios accedieron al servicio de energ\u00eda el\u00e9ctrica durante estos \u00faltimos a\u00f1os.<\/p>\n<p>Beneficiarios<\/p>\n<p>Seg\u00fan detalla la ficha t\u00e9cnica del proyecto, en el municipio de Cercado, el proyecto de electrificaci\u00f3n se ejecutar\u00e1 en el barrio Monte Cristo, Aranjuez Norte, 8 de Marzo, Alto San Mateo, Bioce\u00e1nico, Montellanos e Integraci\u00f3n, 15 de Febrero, Bartolina Sisa, Las Rosas, Las Retamas, Casa Vieja, Mercado Abasto, Abasto del Sur, San Mateo Sud, Tierra Linda, La Pintada, Integraci\u00f3n, Monte Centro, Santa Isabel, 25 de Mayo \u2013 Antofagasta, barrio Israel, Monte Nuevo, Luz de Luna, Urb. San Valent\u00edn y 23 de Octubre, barrio Gareca.<\/p>\n<p>En el \u00e1rea rural la comunidad de La Gamoneda, Santa Anal Nueva- Zona 1, Santa Ana la Nueva San Pedrito, Santa Ana Cebollar, Santa Ana la Nueva, Loma Larga (Alto Espa\u00f1a), La Mesada (Alto Espa\u00f1a), Alto Espa\u00f1a zona Cementerio (Alto Espa\u00f1a), Faldeo (Alto Espa\u00f1a), Santa Ana Farela, Yesera y Urb. Vi\u00f1as II y La Pintada.<\/p>\n<p>En el municipio de Entre R\u00edos se beneficiar\u00e1n el barrio El Baden, La Pista, Sector Iglesia, Sector Rotonda, Banda Mealla y el barrio San Jos\u00e9, adem\u00e1s de la comunidad Los Pinos, Huayco Aserradero, San Diego y Saladito.<\/p>\n<p>&nbsp;<\/p>\n","protected":false},"excerpt":{"rendered":"<p>Son 51 barrios y comunidades de los municipios de Cercado, Entre R\u00edos, San Lorenzo, El Puente y Yunchar\u00e1 se beneficiar\u00e1n con el proyecto de ampliaci\u00f3n de red de energ\u00eda el\u00e9ctrica en el departamento que ejecuta la Gobernaci\u00f3n a trav\u00e9s de Servicios El\u00e9ctricos Tarija (Setar). El gobernador de Tarija, Adri\u00e1n Oliva, tras sostener una reuni\u00f3n con [&hellip;]<\/p>\n","protected":false},"author":1,"featured_media":2373,"comment_status":"open","ping_status":"open","sticky":false,"template":"","format":"standard","meta":{"footnotes":""},"categories":[39,44,48],"tags":[],"class_list":{"0":"post-2372","1":"post","2":"type-post","3":"status-publish","4":"format-standard","5":"has-post-thumbnail","7":"category-energia","8":"category-portada-energia","9":"category-portada-general-sitio"},"_links":{"self":[{"href":"https:\/\/jms.com.bo\/mediamonitor\/wp-json\/wp\/v2\/posts\/2372","targetHints":{"allow":["GET"]}}],"collection":[{"href":"https:\/\/jms.com.bo\/mediamonitor\/wp-json\/wp\/v2\/posts"}],"about":[{"href":"https:\/\/jms.com.bo\/mediamonitor\/wp-json\/wp\/v2\/types\/post"}],"author":[{"embeddable":true,"href":"https:\/\/jms.com.bo\/mediamonitor\/wp-json\/wp\/v2\/users\/1"}],"replies":[{"embeddable":true,"href":"https:\/\/jms.com.bo\/mediamonitor\/wp-json\/wp\/v2\/comments?post=2372"}],"version-history":[{"count":1,"href":"https:\/\/jms.com.bo\/mediamonitor\/wp-json\/wp\/v2\/posts\/2372\/revisions"}],"predecessor-version":[{"id":2374,"href":"https:\/\/jms.com.bo\/mediamonitor\/wp-json\/wp\/v2\/posts\/2372\/revisions\/2374"}],"wp:featuredmedia":[{"embeddable":true,"href":"https:\/\/jms.com.bo\/mediamonitor\/wp-json\/wp\/v2\/media\/2373"}],"wp:attachment":[{"href":"https:\/\/jms.com.bo\/mediamonitor\/wp-json\/wp\/v2\/media?parent=2372"}],"wp:term":[{"taxonomy":"category","embeddable":true,"href":"https:\/\/jms.com.bo\/mediamonitor\/wp-json\/wp\/v2\/categories?post=2372"},{"taxonomy":"post_tag","embeddable":true,"href":"https:\/\/jms.com.bo\/mediamonitor\/wp-json\/wp\/v2\/tags?post=2372"}],"curies":[{"name":"wp","href":"https:\/\/api.w.org\/{rel}","templated":true}]}}