{"id":2375,"date":"2021-02-08T06:44:38","date_gmt":"2021-02-08T10:44:38","guid":{"rendered":"http:\/\/jms.com.bo\/mediamonitor\/?p=2375"},"modified":"2021-02-08T06:44:38","modified_gmt":"2021-02-08T10:44:38","slug":"comenzo-a-operar-el-parque-eolico-chubut-norte-iv-de-las-companias-genneia-y-pae","status":"publish","type":"post","link":"https:\/\/jms.com.bo\/mediamonitor\/2021\/02\/08\/comenzo-a-operar-el-parque-eolico-chubut-norte-iv-de-las-companias-genneia-y-pae\/","title":{"rendered":"Comenz\u00f3 a operar el parque e\u00f3lico Chubut Norte IV de las compa\u00f1\u00edas Genneia y PAE"},"content":{"rendered":"<p>Con una inversi\u00f3n cercana a los 120 millones de d\u00f3lares y una potencia instalada de 83 MW, el Parque E\u00f3lico Chubut Norte IV comenz\u00f3 a generar energ\u00eda limpia y sostenible hacia todo el pa\u00eds. Est\u00e1 ubicado cerca de la ciudad de Puerto Madryn y cuenta con una superficie de 2.696 hect\u00e1reas donde se instalaron 19 aerogeneradores de la firma Nordex, que con 4,4 MW cada uno se encuentran entre los de mayor potencia en el pa\u00eds.<\/p>\n<p>La construcci\u00f3n del parque cont\u00f3 con la participaci\u00f3n de pymes locales y trabajadores de la regi\u00f3n. Asimismo, las torres de hormig\u00f3n de 120 metros de altura fueron fabricadas \u00edntegramente en la ciudad de Puerto Madryn.<\/p>\n<p>M\u00e1s potencia<\/p>\n<p>\u201cEstamos orgullosos de seguir aportando energ\u00eda limpia y eficiente al Sistema Interconectado Nacional, apostando a la calidad privilegiada que presentan los vientos de nuestra Patagonia. El proyecto fue adjudicado en la Ronda 2 de RenovAr y, a\u00fan frente a los desaf\u00edos que surgieron para continuar con las obras, hoy celebramos junto a PAE la capacidad de producir anualmente 399.100 MWh de nueva energ\u00eda renovable. Contando el Parque E\u00f3lico Chubut Norte IV, en los \u00faltimos 4 a\u00f1os Genneia puso en marcha 13 proyectos renovables, entre e\u00f3licos y solares, generando una potencia instalada de energ\u00eda renovable de 648 MW\u201d, dijo Jorge Brito, presidente de Genneia.<\/p>\n<p>Rodolfo Freyre, vicepresidente de Gas, Energ\u00eda y Desarrollo de Negocios de Pan American Energy, destac\u00f3 \u201cel compromiso y el esfuerzo de ambas compa\u00f1\u00edas y los trabajadores, en particular durante el a\u00f1o 2020\u201d. Afirm\u00f3 que \u201ccon la puesta en marcha de este nuevo parque consolidamos nuestro crecimiento en el sector de las energ\u00edas renovables y ratificamos el compromiso con la provincia de Chubut, donde ya contamos con el parque e\u00f3lico Garayalde\u201d.<\/p>\n<p>Se estima que el proyecto Chubut Norte III, que tambi\u00e9n desarrollan ambas empresas en conjunto y se encuentra en su \u00faltima instancia de construcci\u00f3n, tenga su puesta en marcha a fin del primer trimestre 2021. De esa manera, los Parques E\u00f3licos Chubut Norte III y IV contar\u00e1n en conjunto con una potencia instalada total de 140 MW.<\/p>\n<p>&nbsp;<\/p>\n","protected":false},"excerpt":{"rendered":"<p>Con una inversi\u00f3n cercana a los 120 millones de d\u00f3lares y una potencia instalada de 83 MW, el Parque E\u00f3lico Chubut Norte IV comenz\u00f3 a generar energ\u00eda limpia y sostenible hacia todo el pa\u00eds. Est\u00e1 ubicado cerca de la ciudad de Puerto Madryn y cuenta con una superficie de 2.696 hect\u00e1reas donde se instalaron 19 [&hellip;]<\/p>\n","protected":false},"author":1,"featured_media":2376,"comment_status":"open","ping_status":"open","sticky":false,"template":"","format":"standard","meta":{"footnotes":""},"categories":[39],"tags":[],"class_list":{"0":"post-2375","1":"post","2":"type-post","3":"status-publish","4":"format-standard","5":"has-post-thumbnail","7":"category-energia"},"_links":{"self":[{"href":"https:\/\/jms.com.bo\/mediamonitor\/wp-json\/wp\/v2\/posts\/2375","targetHints":{"allow":["GET"]}}],"collection":[{"href":"https:\/\/jms.com.bo\/mediamonitor\/wp-json\/wp\/v2\/posts"}],"about":[{"href":"https:\/\/jms.com.bo\/mediamonitor\/wp-json\/wp\/v2\/types\/post"}],"author":[{"embeddable":true,"href":"https:\/\/jms.com.bo\/mediamonitor\/wp-json\/wp\/v2\/users\/1"}],"replies":[{"embeddable":true,"href":"https:\/\/jms.com.bo\/mediamonitor\/wp-json\/wp\/v2\/comments?post=2375"}],"version-history":[{"count":1,"href":"https:\/\/jms.com.bo\/mediamonitor\/wp-json\/wp\/v2\/posts\/2375\/revisions"}],"predecessor-version":[{"id":2377,"href":"https:\/\/jms.com.bo\/mediamonitor\/wp-json\/wp\/v2\/posts\/2375\/revisions\/2377"}],"wp:featuredmedia":[{"embeddable":true,"href":"https:\/\/jms.com.bo\/mediamonitor\/wp-json\/wp\/v2\/media\/2376"}],"wp:attachment":[{"href":"https:\/\/jms.com.bo\/mediamonitor\/wp-json\/wp\/v2\/media?parent=2375"}],"wp:term":[{"taxonomy":"category","embeddable":true,"href":"https:\/\/jms.com.bo\/mediamonitor\/wp-json\/wp\/v2\/categories?post=2375"},{"taxonomy":"post_tag","embeddable":true,"href":"https:\/\/jms.com.bo\/mediamonitor\/wp-json\/wp\/v2\/tags?post=2375"}],"curies":[{"name":"wp","href":"https:\/\/api.w.org\/{rel}","templated":true}]}}